{"id":9690,"date":"2025-05-20T13:23:02","date_gmt":"2025-05-20T13:23:02","guid":{"rendered":"https:\/\/estadocomarte.pt\/site\/?p=9690"},"modified":"2025-05-20T13:23:02","modified_gmt":"2025-05-20T13:23:02","slug":"brands-dita-agencia-reforca-estrutura-com-joana-almeida-e-patricia-fernandes","status":"publish","type":"post","link":"https:\/\/estadocomarte.pt\/site\/2025\/05\/20\/brands-dita-agencia-reforca-estrutura-com-joana-almeida-e-patricia-fernandes\/","title":{"rendered":"Brands. Dita Ag\u00eancia refor\u00e7a estrutura com Joana Almeida e Patr\u00edcia Fernandes"},"content":{"rendered":"<p><strong>A ag\u00eancia criativa de comunica\u00e7\u00e3o Dita, especializada no digital, refor\u00e7a a sua estrutura com a entrada de Joana Almeida como Head of Sales e de Patr\u00edcia Fernandes a fun\u00e7\u00e3o de Head of Talent.<\/strong><\/p>\n<p>A Dita, ag\u00eancia criativa de comunica\u00e7\u00e3o integrada, com expertise no digital e nas plataformas mais relevantes, refor\u00e7a a equipa com a entrada de Joana Almeida, como Head of Sales e de Patr\u00edcia Fernandes, como Head of Talent.<\/p>\n<p>Com um percurso consolidado na \u00e1rea comercial, Joana Almeida entra no projeto com foco na expans\u00e3o estrat\u00e9gica do neg\u00f3cio e coordena\u00e7\u00e3o comercial. Patr\u00edcia Fernandes, com vasta experi\u00eancia em gest\u00e3o de talento e marketing de influ\u00eancia, integra o projeto para liderar a \u00e1rea de talento, garantindo uma gest\u00e3o s\u00f3lida e estrat\u00e9gica de parcerias e projetos com todos os criadores do mercado.<\/p>\n<p>Joana Almeida tem um percurso de quase duas d\u00e9cadas na \u00e1rea comercial. Esteve em grupos como a AC Consulting, Cofina Media (atual Medialivre) e Braver Group, entre outros, consolidando experi\u00eancias em New Business e gest\u00e3o de Contas.<\/p>\n<p>\u201cEste \u00e9 um desafio de que muito me orgulho e que abra\u00e7o de corpo e alma. Vivemos um momento de transforma\u00e7\u00e3o, onde o integrated marketing \u00e9 a chave para as marcas se conectarem de forma eficaz com os seus consumidores. A vis\u00e3o estrat\u00e9gica e criativa da Dita, ancorada nas tend\u00eancias, alinha-se com aquilo em que acredito e me move diariamente. Estou confiante de que juntos vamos Dita(r) o futuro do mercado\u201d, afirma Joana Almeida.<\/p>\n<p>Patr\u00edcia Fernandes tem um percurso com mais de 20 anos em gest\u00e3o de talento. Esteve em ag\u00eancias de modelos; produ\u00e7\u00e3o televisiva; cerca de 10 anos na primeira ag\u00eancia portuguesa especializada em influ\u00eancia, a Milenar, onde geriu criadores digitais, celebridades e projetos pioneiros como o primeiro Digital Stage no Rock in Rio. Mais recentemente, esteve focada na representa\u00e7\u00e3o de atletas de alta competi\u00e7\u00e3o.<\/p>\n<p>\u201c\u00c9 muito gratificante fazer parte e poder aportar valor a esta equipa. A Dita Ag\u00eancia \u00e9 um projeto vencedor, com uma abordagem fresca e um conhecimento s\u00f3lido do que \u00e9 relevante e tend\u00eancia, conhecimento esse, que \u00e9 transferido para os seus clientes com estrat\u00e9gia, criatividade e brio\u201d refere Patr\u00edcia Fernandes.<\/p>\n<p>A Dita Ag\u00eancia nasceu no final de 2023, fruto de uma reestrutura\u00e7\u00e3o e rebranding da Milenar, onde, h\u00e1 uns anos, Joana Almeida e Patr\u00edcia Fernandes trabalharam. Agora regressam ao mesmo espa\u00e7o f\u00edsico, mas a uma ag\u00eancia completamente diferente e com uma equipa e servi\u00e7os renovados.<\/p>\n<p>\u201cA Joana e a Patr\u00edcia s\u00e3o duas profissionais reconhecidas no mercado e com quem, em tempos idos, tive oportunidade de trabalhar e cujo percurso profissional acompanhei de perto. Esta dupla, pela sua experi\u00eancia e know-how, s\u00e3o uma \u201cbazuca\u201d e a personaliza\u00e7\u00e3o do verdadeiro girlpower\u201d, afirma Mariana de Figueiredo, Diretora Geral da Dita Ag\u00eancia.<\/p>\n","protected":false},"excerpt":{"rendered":"<p>Estado com Arte Magazine<\/p>\n","protected":false},"author":1,"featured_media":9691,"comment_status":"open","ping_status":"open","sticky":false,"template":"","format":"standard","meta":{"site-sidebar-layout":"default","site-content-layout":"default","ast-global-header-display":"","ast-banner-title-visibility":"","ast-main-header-display":"","ast-hfb-above-header-display":"","ast-hfb-below-header-display":"","ast-hfb-mobile-header-display":"","site-post-title":"","ast-breadcrumbs-content":"","ast-featured-img":"","footer-sml-layout":"","theme-transparent-header-meta":"default","adv-header-id-meta":"","stick-header-meta":"","header-above-stick-meta":"","header-main-stick-meta":"","header-below-stick-meta":"","footnotes":""},"categories":[5,64],"tags":[919,916,917,543,918,915],"class_list":["post-9690","post","type-post","status-publish","format-standard","has-post-thumbnail","hentry","category-economia","category-isto-para-nos","tag-agencias","tag-branding","tag-brands","tag-comunicacao","tag-comunication-agency","tag-dita-agencia"],"yoast_head":"<!-- This site is optimized with the Yoast SEO plugin v25.1 - https:\/\/yoast.com\/wordpress\/plugins\/seo\/ -->\n<title>Brands. Dita Ag\u00eancia refor\u00e7a estrutura com Joana Almeida e Patr\u00edcia Fernandes - Estado com Arte<\/title>\n<meta name=\"robots\" content=\"index, follow, max-snippet:-1, max-image-preview:large, max-video-preview:-1\" \/>\n<link rel=\"canonical\" href=\"https:\/\/estadocomarte.pt\/site\/2025\/05\/20\/brands-dita-agencia-reforca-estrutura-com-joana-almeida-e-patricia-fernandes\/\" \/>\n<meta property=\"og:locale\" content=\"pt_PT\" \/>\n<meta property=\"og:type\" content=\"article\" \/>\n<meta property=\"og:title\" content=\"Brands. Dita Ag\u00eancia refor\u00e7a estrutura com Joana Almeida e Patr\u00edcia Fernandes - Estado com Arte\" \/>\n<meta property=\"og:description\" content=\"Estado com Arte Magazine\" \/>\n<meta property=\"og:url\" content=\"https:\/\/estadocomarte.pt\/site\/2025\/05\/20\/brands-dita-agencia-reforca-estrutura-com-joana-almeida-e-patricia-fernandes\/\" \/>\n<meta property=\"og:site_name\" content=\"Estado com Arte\" \/>\n<meta property=\"article:published_time\" content=\"2025-05-20T13:23:02+00:00\" \/>\n<meta property=\"og:image\" content=\"https:\/\/estadocomarte.pt\/site\/wp-content\/uploads\/2025\/05\/Pat_Joana_01.jpg\" \/>\n\t<meta property=\"og:image:width\" content=\"2518\" \/>\n\t<meta property=\"og:image:height\" content=\"1776\" \/>\n\t<meta property=\"og:image:type\" content=\"image\/jpeg\" \/>\n<meta name=\"author\" content=\"admin\" \/>\n<meta name=\"twitter:card\" content=\"summary_large_image\" \/>\n<meta name=\"twitter:label1\" content=\"Escrito por\" \/>\n\t<meta name=\"twitter:data1\" content=\"admin\" \/>\n\t<meta name=\"twitter:label2\" content=\"Tempo estimado de leitura\" \/>\n\t<meta name=\"twitter:data2\" content=\"3 minutos\" \/>\n<script type=\"application\/ld+json\" class=\"yoast-schema-graph\">{\"@context\":\"https:\/\/schema.org\",\"@graph\":[{\"@type\":\"Article\",\"@id\":\"https:\/\/estadocomarte.pt\/site\/2025\/05\/20\/brands-dita-agencia-reforca-estrutura-com-joana-almeida-e-patricia-fernandes\/#article\",\"isPartOf\":{\"@id\":\"https:\/\/estadocomarte.pt\/site\/2025\/05\/20\/brands-dita-agencia-reforca-estrutura-com-joana-almeida-e-patricia-fernandes\/\"},\"author\":{\"name\":\"admin\",\"@id\":\"https:\/\/estadocomarte.pt\/site\/#\/schema\/person\/c0943a071216c1e5b21f85304151e4ba\"},\"headline\":\"Brands. Dita Ag\u00eancia refor\u00e7a estrutura com Joana Almeida e Patr\u00edcia Fernandes\",\"datePublished\":\"2025-05-20T13:23:02+00:00\",\"mainEntityOfPage\":{\"@id\":\"https:\/\/estadocomarte.pt\/site\/2025\/05\/20\/brands-dita-agencia-reforca-estrutura-com-joana-almeida-e-patricia-fernandes\/\"},\"wordCount\":511,\"commentCount\":0,\"publisher\":{\"@id\":\"https:\/\/estadocomarte.pt\/site\/#organization\"},\"image\":{\"@id\":\"https:\/\/estadocomarte.pt\/site\/2025\/05\/20\/brands-dita-agencia-reforca-estrutura-com-joana-almeida-e-patricia-fernandes\/#primaryimage\"},\"thumbnailUrl\":\"https:\/\/estadocomarte.pt\/site\/wp-content\/uploads\/2025\/05\/Pat_Joana_01.jpg\",\"keywords\":[\"ag\u00eancias\",\"branding\",\"brands\",\"Comunica\u00e7\u00e3o\",\"comunication agency\",\"dita ag\u00eancia\"],\"articleSection\":[\"Economia\",\"Isto Para N\u00f3s\"],\"inLanguage\":\"pt-PT\",\"potentialAction\":[{\"@type\":\"CommentAction\",\"name\":\"Comment\",\"target\":[\"https:\/\/estadocomarte.pt\/site\/2025\/05\/20\/brands-dita-agencia-reforca-estrutura-com-joana-almeida-e-patricia-fernandes\/#respond\"]}]},{\"@type\":\"WebPage\",\"@id\":\"https:\/\/estadocomarte.pt\/site\/2025\/05\/20\/brands-dita-agencia-reforca-estrutura-com-joana-almeida-e-patricia-fernandes\/\",\"url\":\"https:\/\/estadocomarte.pt\/site\/2025\/05\/20\/brands-dita-agencia-reforca-estrutura-com-joana-almeida-e-patricia-fernandes\/\",\"name\":\"Brands. Dita Ag\u00eancia refor\u00e7a estrutura com Joana Almeida e Patr\u00edcia Fernandes - Estado com Arte\",\"isPartOf\":{\"@id\":\"https:\/\/estadocomarte.pt\/site\/#website\"},\"primaryImageOfPage\":{\"@id\":\"https:\/\/estadocomarte.pt\/site\/2025\/05\/20\/brands-dita-agencia-reforca-estrutura-com-joana-almeida-e-patricia-fernandes\/#primaryimage\"},\"image\":{\"@id\":\"https:\/\/estadocomarte.pt\/site\/2025\/05\/20\/brands-dita-agencia-reforca-estrutura-com-joana-almeida-e-patricia-fernandes\/#primaryimage\"},\"thumbnailUrl\":\"https:\/\/estadocomarte.pt\/site\/wp-content\/uploads\/2025\/05\/Pat_Joana_01.jpg\",\"datePublished\":\"2025-05-20T13:23:02+00:00\",\"breadcrumb\":{\"@id\":\"https:\/\/estadocomarte.pt\/site\/2025\/05\/20\/brands-dita-agencia-reforca-estrutura-com-joana-almeida-e-patricia-fernandes\/#breadcrumb\"},\"inLanguage\":\"pt-PT\",\"potentialAction\":[{\"@type\":\"ReadAction\",\"target\":[\"https:\/\/estadocomarte.pt\/site\/2025\/05\/20\/brands-dita-agencia-reforca-estrutura-com-joana-almeida-e-patricia-fernandes\/\"]}]},{\"@type\":\"ImageObject\",\"inLanguage\":\"pt-PT\",\"@id\":\"https:\/\/estadocomarte.pt\/site\/2025\/05\/20\/brands-dita-agencia-reforca-estrutura-com-joana-almeida-e-patricia-fernandes\/#primaryimage\",\"url\":\"https:\/\/estadocomarte.pt\/site\/wp-content\/uploads\/2025\/05\/Pat_Joana_01.jpg\",\"contentUrl\":\"https:\/\/estadocomarte.pt\/site\/wp-content\/uploads\/2025\/05\/Pat_Joana_01.jpg\",\"width\":2518,\"height\":1776},{\"@type\":\"BreadcrumbList\",\"@id\":\"https:\/\/estadocomarte.pt\/site\/2025\/05\/20\/brands-dita-agencia-reforca-estrutura-com-joana-almeida-e-patricia-fernandes\/#breadcrumb\",\"itemListElement\":[{\"@type\":\"ListItem\",\"position\":1,\"name\":\"In\u00edcio\",\"item\":\"https:\/\/estadocomarte.pt\/site\/\"},{\"@type\":\"ListItem\",\"position\":2,\"name\":\"Brands. Dita Ag\u00eancia refor\u00e7a estrutura com Joana Almeida e Patr\u00edcia Fernandes\"}]},{\"@type\":\"WebSite\",\"@id\":\"https:\/\/estadocomarte.pt\/site\/#website\",\"url\":\"https:\/\/estadocomarte.pt\/site\/\",\"name\":\"Estado com Arte Magazine\",\"description\":\"Magazine\",\"publisher\":{\"@id\":\"https:\/\/estadocomarte.pt\/site\/#organization\"},\"alternateName\":\"Magazine semanal sobre pol\u00edtica e cultura, com autores, opini\u00e3o e cr\u00edticas.\",\"potentialAction\":[{\"@type\":\"SearchAction\",\"target\":{\"@type\":\"EntryPoint\",\"urlTemplate\":\"https:\/\/estadocomarte.pt\/site\/?s={search_term_string}\"},\"query-input\":{\"@type\":\"PropertyValueSpecification\",\"valueRequired\":true,\"valueName\":\"search_term_string\"}}],\"inLanguage\":\"pt-PT\"},{\"@type\":\"Organization\",\"@id\":\"https:\/\/estadocomarte.pt\/site\/#organization\",\"name\":\"Estado com Arte Magazine\",\"alternateName\":\"Magazine semanal sobre pol\u00edtica e cultura, com autores, opini\u00e3o e cr\u00edticas.\",\"url\":\"https:\/\/estadocomarte.pt\/site\/\",\"logo\":{\"@type\":\"ImageObject\",\"inLanguage\":\"pt-PT\",\"@id\":\"https:\/\/estadocomarte.pt\/site\/#\/schema\/logo\/image\/\",\"url\":\"https:\/\/estadocomarte.pt\/site\/wp-content\/uploads\/2023\/06\/cropped-cropped-Prancheta-2@2x-100.jpg\",\"contentUrl\":\"https:\/\/estadocomarte.pt\/site\/wp-content\/uploads\/2023\/06\/cropped-cropped-Prancheta-2@2x-100.jpg\",\"width\":1777,\"height\":592,\"caption\":\"Estado com Arte Magazine\"},\"image\":{\"@id\":\"https:\/\/estadocomarte.pt\/site\/#\/schema\/logo\/image\/\"},\"sameAs\":[\"https:\/\/www.instagram.com\/estadocomartemagazine\"]},{\"@type\":\"Person\",\"@id\":\"https:\/\/estadocomarte.pt\/site\/#\/schema\/person\/c0943a071216c1e5b21f85304151e4ba\",\"name\":\"admin\",\"image\":{\"@type\":\"ImageObject\",\"inLanguage\":\"pt-PT\",\"@id\":\"https:\/\/estadocomarte.pt\/site\/#\/schema\/person\/image\/\",\"url\":\"https:\/\/secure.gravatar.com\/avatar\/e6f378fd6914c8505d3e1d40f51fa953b21bab0f3a5658a33bc84cb5bda780f9?s=96&d=mm&r=g\",\"contentUrl\":\"https:\/\/secure.gravatar.com\/avatar\/e6f378fd6914c8505d3e1d40f51fa953b21bab0f3a5658a33bc84cb5bda780f9?s=96&d=mm&r=g\",\"caption\":\"admin\"},\"sameAs\":[\"https:\/\/estadocomarte.pt\/site\"],\"url\":\"https:\/\/estadocomarte.pt\/site\/author\/admin\/\"}]}<\/script>\n<!-- \/ Yoast SEO plugin. -->","yoast_head_json":{"title":"Brands. Dita Ag\u00eancia refor\u00e7a estrutura com Joana Almeida e Patr\u00edcia Fernandes - Estado com Arte","robots":{"index":"index","follow":"follow","max-snippet":"max-snippet:-1","max-image-preview":"max-image-preview:large","max-video-preview":"max-video-preview:-1"},"canonical":"https:\/\/estadocomarte.pt\/site\/2025\/05\/20\/brands-dita-agencia-reforca-estrutura-com-joana-almeida-e-patricia-fernandes\/","og_locale":"pt_PT","og_type":"article","og_title":"Brands. Dita Ag\u00eancia refor\u00e7a estrutura com Joana Almeida e Patr\u00edcia Fernandes - Estado com Arte","og_description":"Estado com Arte Magazine","og_url":"https:\/\/estadocomarte.pt\/site\/2025\/05\/20\/brands-dita-agencia-reforca-estrutura-com-joana-almeida-e-patricia-fernandes\/","og_site_name":"Estado com Arte","article_published_time":"2025-05-20T13:23:02+00:00","og_image":[{"width":2518,"height":1776,"url":"https:\/\/estadocomarte.pt\/site\/wp-content\/uploads\/2025\/05\/Pat_Joana_01.jpg","type":"image\/jpeg"}],"author":"admin","twitter_card":"summary_large_image","twitter_misc":{"Escrito por":"admin","Tempo estimado de leitura":"3 minutos"},"schema":{"@context":"https:\/\/schema.org","@graph":[{"@type":"Article","@id":"https:\/\/estadocomarte.pt\/site\/2025\/05\/20\/brands-dita-agencia-reforca-estrutura-com-joana-almeida-e-patricia-fernandes\/#article","isPartOf":{"@id":"https:\/\/estadocomarte.pt\/site\/2025\/05\/20\/brands-dita-agencia-reforca-estrutura-com-joana-almeida-e-patricia-fernandes\/"},"author":{"name":"admin","@id":"https:\/\/estadocomarte.pt\/site\/#\/schema\/person\/c0943a071216c1e5b21f85304151e4ba"},"headline":"Brands. Dita Ag\u00eancia refor\u00e7a estrutura com Joana Almeida e Patr\u00edcia Fernandes","datePublished":"2025-05-20T13:23:02+00:00","mainEntityOfPage":{"@id":"https:\/\/estadocomarte.pt\/site\/2025\/05\/20\/brands-dita-agencia-reforca-estrutura-com-joana-almeida-e-patricia-fernandes\/"},"wordCount":511,"commentCount":0,"publisher":{"@id":"https:\/\/estadocomarte.pt\/site\/#organization"},"image":{"@id":"https:\/\/estadocomarte.pt\/site\/2025\/05\/20\/brands-dita-agencia-reforca-estrutura-com-joana-almeida-e-patricia-fernandes\/#primaryimage"},"thumbnailUrl":"https:\/\/estadocomarte.pt\/site\/wp-content\/uploads\/2025\/05\/Pat_Joana_01.jpg","keywords":["ag\u00eancias","branding","brands","Comunica\u00e7\u00e3o","comunication agency","dita ag\u00eancia"],"articleSection":["Economia","Isto Para N\u00f3s"],"inLanguage":"pt-PT","potentialAction":[{"@type":"CommentAction","name":"Comment","target":["https:\/\/estadocomarte.pt\/site\/2025\/05\/20\/brands-dita-agencia-reforca-estrutura-com-joana-almeida-e-patricia-fernandes\/#respond"]}]},{"@type":"WebPage","@id":"https:\/\/estadocomarte.pt\/site\/2025\/05\/20\/brands-dita-agencia-reforca-estrutura-com-joana-almeida-e-patricia-fernandes\/","url":"https:\/\/estadocomarte.pt\/site\/2025\/05\/20\/brands-dita-agencia-reforca-estrutura-com-joana-almeida-e-patricia-fernandes\/","name":"Brands. Dita Ag\u00eancia refor\u00e7a estrutura com Joana Almeida e Patr\u00edcia Fernandes - Estado com Arte","isPartOf":{"@id":"https:\/\/estadocomarte.pt\/site\/#website"},"primaryImageOfPage":{"@id":"https:\/\/estadocomarte.pt\/site\/2025\/05\/20\/brands-dita-agencia-reforca-estrutura-com-joana-almeida-e-patricia-fernandes\/#primaryimage"},"image":{"@id":"https:\/\/estadocomarte.pt\/site\/2025\/05\/20\/brands-dita-agencia-reforca-estrutura-com-joana-almeida-e-patricia-fernandes\/#primaryimage"},"thumbnailUrl":"https:\/\/estadocomarte.pt\/site\/wp-content\/uploads\/2025\/05\/Pat_Joana_01.jpg","datePublished":"2025-05-20T13:23:02+00:00","breadcrumb":{"@id":"https:\/\/estadocomarte.pt\/site\/2025\/05\/20\/brands-dita-agencia-reforca-estrutura-com-joana-almeida-e-patricia-fernandes\/#breadcrumb"},"inLanguage":"pt-PT","potentialAction":[{"@type":"ReadAction","target":["https:\/\/estadocomarte.pt\/site\/2025\/05\/20\/brands-dita-agencia-reforca-estrutura-com-joana-almeida-e-patricia-fernandes\/"]}]},{"@type":"ImageObject","inLanguage":"pt-PT","@id":"https:\/\/estadocomarte.pt\/site\/2025\/05\/20\/brands-dita-agencia-reforca-estrutura-com-joana-almeida-e-patricia-fernandes\/#primaryimage","url":"https:\/\/estadocomarte.pt\/site\/wp-content\/uploads\/2025\/05\/Pat_Joana_01.jpg","contentUrl":"https:\/\/estadocomarte.pt\/site\/wp-content\/uploads\/2025\/05\/Pat_Joana_01.jpg","width":2518,"height":1776},{"@type":"BreadcrumbList","@id":"https:\/\/estadocomarte.pt\/site\/2025\/05\/20\/brands-dita-agencia-reforca-estrutura-com-joana-almeida-e-patricia-fernandes\/#breadcrumb","itemListElement":[{"@type":"ListItem","position":1,"name":"In\u00edcio","item":"https:\/\/estadocomarte.pt\/site\/"},{"@type":"ListItem","position":2,"name":"Brands. Dita Ag\u00eancia refor\u00e7a estrutura com Joana Almeida e Patr\u00edcia Fernandes"}]},{"@type":"WebSite","@id":"https:\/\/estadocomarte.pt\/site\/#website","url":"https:\/\/estadocomarte.pt\/site\/","name":"Estado com Arte Magazine","description":"Magazine","publisher":{"@id":"https:\/\/estadocomarte.pt\/site\/#organization"},"alternateName":"Magazine semanal sobre pol\u00edtica e cultura, com autores, opini\u00e3o e cr\u00edticas.","potentialAction":[{"@type":"SearchAction","target":{"@type":"EntryPoint","urlTemplate":"https:\/\/estadocomarte.pt\/site\/?s={search_term_string}"},"query-input":{"@type":"PropertyValueSpecification","valueRequired":true,"valueName":"search_term_string"}}],"inLanguage":"pt-PT"},{"@type":"Organization","@id":"https:\/\/estadocomarte.pt\/site\/#organization","name":"Estado com Arte Magazine","alternateName":"Magazine semanal sobre pol\u00edtica e cultura, com autores, opini\u00e3o e cr\u00edticas.","url":"https:\/\/estadocomarte.pt\/site\/","logo":{"@type":"ImageObject","inLanguage":"pt-PT","@id":"https:\/\/estadocomarte.pt\/site\/#\/schema\/logo\/image\/","url":"https:\/\/estadocomarte.pt\/site\/wp-content\/uploads\/2023\/06\/cropped-cropped-Prancheta-2@2x-100.jpg","contentUrl":"https:\/\/estadocomarte.pt\/site\/wp-content\/uploads\/2023\/06\/cropped-cropped-Prancheta-2@2x-100.jpg","width":1777,"height":592,"caption":"Estado com Arte Magazine"},"image":{"@id":"https:\/\/estadocomarte.pt\/site\/#\/schema\/logo\/image\/"},"sameAs":["https:\/\/www.instagram.com\/estadocomartemagazine"]},{"@type":"Person","@id":"https:\/\/estadocomarte.pt\/site\/#\/schema\/person\/c0943a071216c1e5b21f85304151e4ba","name":"admin","image":{"@type":"ImageObject","inLanguage":"pt-PT","@id":"https:\/\/estadocomarte.pt\/site\/#\/schema\/person\/image\/","url":"https:\/\/secure.gravatar.com\/avatar\/e6f378fd6914c8505d3e1d40f51fa953b21bab0f3a5658a33bc84cb5bda780f9?s=96&d=mm&r=g","contentUrl":"https:\/\/secure.gravatar.com\/avatar\/e6f378fd6914c8505d3e1d40f51fa953b21bab0f3a5658a33bc84cb5bda780f9?s=96&d=mm&r=g","caption":"admin"},"sameAs":["https:\/\/estadocomarte.pt\/site"],"url":"https:\/\/estadocomarte.pt\/site\/author\/admin\/"}]}},"_links":{"self":[{"href":"https:\/\/estadocomarte.pt\/site\/wp-json\/wp\/v2\/posts\/9690","targetHints":{"allow":["GET"]}}],"collection":[{"href":"https:\/\/estadocomarte.pt\/site\/wp-json\/wp\/v2\/posts"}],"about":[{"href":"https:\/\/estadocomarte.pt\/site\/wp-json\/wp\/v2\/types\/post"}],"author":[{"embeddable":true,"href":"https:\/\/estadocomarte.pt\/site\/wp-json\/wp\/v2\/users\/1"}],"replies":[{"embeddable":true,"href":"https:\/\/estadocomarte.pt\/site\/wp-json\/wp\/v2\/comments?post=9690"}],"version-history":[{"count":1,"href":"https:\/\/estadocomarte.pt\/site\/wp-json\/wp\/v2\/posts\/9690\/revisions"}],"predecessor-version":[{"id":9692,"href":"https:\/\/estadocomarte.pt\/site\/wp-json\/wp\/v2\/posts\/9690\/revisions\/9692"}],"wp:featuredmedia":[{"embeddable":true,"href":"https:\/\/estadocomarte.pt\/site\/wp-json\/wp\/v2\/media\/9691"}],"wp:attachment":[{"href":"https:\/\/estadocomarte.pt\/site\/wp-json\/wp\/v2\/media?parent=9690"}],"wp:term":[{"taxonomy":"category","embeddable":true,"href":"https:\/\/estadocomarte.pt\/site\/wp-json\/wp\/v2\/categories?post=9690"},{"taxonomy":"post_tag","embeddable":true,"href":"https:\/\/estadocomarte.pt\/site\/wp-json\/wp\/v2\/tags?post=9690"}],"curies":[{"name":"wp","href":"https:\/\/api.w.org\/{rel}","templated":true}]}}