{"id":9706,"date":"2025-05-20T19:01:58","date_gmt":"2025-05-20T19:01:58","guid":{"rendered":"https:\/\/estadocomarte.pt\/site\/?p=9706"},"modified":"2025-05-20T19:04:19","modified_gmt":"2025-05-20T19:04:19","slug":"seremos-alternativa-responsavel","status":"publish","type":"post","link":"https:\/\/estadocomarte.pt\/site\/2025\/05\/20\/seremos-alternativa-responsavel\/","title":{"rendered":"Seremos alternativa respons\u00e1vel"},"content":{"rendered":"<p><strong>Como se sabe, apoiei publicamente Jos\u00e9 Lu\u00eds Carneiro na sua corrida \u00e0 lideran\u00e7a do PS. Naturalmente, acolho com agrado a not\u00edcia da sua renovada disponibilidade. Jos\u00e9 Lu\u00eds Carneiro possui uma s\u00f3lida carreira que agrega a capacidade de reflex\u00e3o pol\u00edtica \u00e0 acad\u00e9mica, juntando a ambas um percurso exemplar em todas as fun\u00e7\u00f5es governativas que j\u00e1 exerceu. Acredito na sua vontade de valorizar os portugueses e de ilustrar os valores socialistas da solidariedade democr\u00e1tica e, por isso, materializei o meu apoio \u00e0 sua candidatura.<\/strong><\/p>\n<p>H\u00e1 que assumir, com franqueza, que os \u00faltimos resultados eleitorais dificilmente poderiam ser piores para o Partido Socialista. No entanto, mais do que p\u00e9ssimos resultados para o PS, s\u00e3o resultados muito perigosos para a sa\u00fade democr\u00e1tica portuguesa.<\/p>\n<p>Para al\u00e9m de todas as an\u00e1lises pol\u00edticas feitas e a fazer, n\u00e3o devemos descurar um dado muito importante: na Europa e em muitas partes do mundo, h\u00e1 uma onda social e pol\u00edtica que favorece o fen\u00f3meno populista da extrema-direita. Basta analisar a generalidade dos resultados das elei\u00e7\u00f5es parlamentares na Europa para perceber que, com oscila\u00e7\u00f5es que variam em grau, Portugal est\u00e1 na m\u00e9dia dos resultados averbados pela extrema-direita.<\/p>\n<p>O desaire eleitoral que sofremos, no entanto, n\u00e3o deve ser debitado, obviamente, apenas \u00e0 conjuntura pol\u00edtica internacional que vivemos. Estes resultados s\u00e3o tamb\u00e9m, como todos sabemos, o (ex)poente das decis\u00f5es e op\u00e7\u00f5es da lideran\u00e7a agora demission\u00e1ria, quer em mat\u00e9ria de campanha quer em mat\u00e9ria de projeto pol\u00edtico para o partido e at\u00e9 de perfil de oposi\u00e7\u00e3o assumido.<\/p>\n<p>A primeira li\u00e7\u00e3o a tirar \u00e9 a de que o Partido Socialista n\u00e3o pode ser entendido, na sua a\u00e7\u00e3o pol\u00edtica, de forma redutora, no sentido de um partido circular e fechado sobre si mesmo. O PS foi sempre, desde a sua g\u00e9nese e logo na sua matriz, um partido interclassista e de largo espectro. Falar apenas para uma parte da popula\u00e7\u00e3o, como se de uma bolha se tratasse, inviabiliza o di\u00e1logo com todos e n\u00e3o se traduz numa pr\u00e1tica pol\u00edtica adequada.<\/p>\n<p>Ainda \u00e9 cedo para falarmos em novas lideran\u00e7as para o PS. Os portugueses deram-nos claramente, nestas elei\u00e7\u00f5es, o mandato de evitar que a direita portuguesa derive para o populismo e para o extremo. Agora, \u00e9 preciso assumir erros e, pela sua corre\u00e7\u00e3o, assegurar a melhor transi\u00e7\u00e3o poss\u00edvel para o partido, a n\u00edvel estrutural e funcional.<\/p>\n<p>Como se sabe, apoiei publicamente Jos\u00e9 Lu\u00eds Carneiro na sua corrida \u00e0 lideran\u00e7a do PS. Naturalmente, acolho com agrado a not\u00edcia da sua renovada disponibilidade. Jos\u00e9 Lu\u00eds Carneiro possui uma s\u00f3lida carreira que agrega a capacidade de reflex\u00e3o pol\u00edtica \u00e0 acad\u00e9mica, juntando a ambas um percurso exemplar em todas as fun\u00e7\u00f5es governativas que j\u00e1 exerceu. Acredito na sua vontade de valorizar os portugueses e de ilustrar os valores socialistas da solidariedade democr\u00e1tica e, por isso, materializei o meu apoio \u00e0 sua candidatura.<\/p>\n<p>Agora \u00e9 o tempo do di\u00e1logo e de nos prepararmos para voltarmos a ser alternativa. E sobretudo recuperarmos a proximidade com os portugueses. Sem medo da nossa hist\u00f3ria e da nossa identidade, \u00e9 apenas atrav\u00e9s dessa abertura que redesenharemos o nosso futuro e o nosso projeto.<\/p>\n","protected":false},"excerpt":{"rendered":"<p>Maria Ant\u00f3nia Almeida Santos,<br \/>\nEx-deputada do PS,<br \/>\nJurista<\/p>\n","protected":false},"author":1,"featured_media":6711,"comment_status":"open","ping_status":"open","sticky":false,"template":"","format":"standard","meta":{"site-sidebar-layout":"default","site-content-layout":"default","ast-global-header-display":"","ast-banner-title-visibility":"","ast-main-header-display":"","ast-hfb-above-header-display":"","ast-hfb-below-header-display":"","ast-hfb-mobile-header-display":"","site-post-title":"","ast-breadcrumbs-content":"","ast-featured-img":"","footer-sml-layout":"","theme-transparent-header-meta":"default","adv-header-id-meta":"","stick-header-meta":"","header-above-stick-meta":"","header-main-stick-meta":"","header-below-stick-meta":"","footnotes":""},"categories":[54,64],"tags":[922,151,152],"class_list":["post-9706","post","type-post","status-publish","format-standard","has-post-thumbnail","hentry","category-bolha-mediatica","category-isto-para-nos","tag-jose-luis-carneiro","tag-maria-antonia-almeida-santos","tag-ps"],"yoast_head":"<!-- This site is optimized with the Yoast SEO plugin v25.1 - https:\/\/yoast.com\/wordpress\/plugins\/seo\/ -->\n<title>Seremos alternativa respons\u00e1vel - Estado com Arte<\/title>\n<meta name=\"robots\" content=\"index, follow, max-snippet:-1, max-image-preview:large, max-video-preview:-1\" \/>\n<link rel=\"canonical\" href=\"https:\/\/estadocomarte.pt\/site\/2025\/05\/20\/seremos-alternativa-responsavel\/\" \/>\n<meta property=\"og:locale\" content=\"pt_PT\" \/>\n<meta property=\"og:type\" content=\"article\" \/>\n<meta property=\"og:title\" content=\"Seremos alternativa respons\u00e1vel - Estado com Arte\" \/>\n<meta property=\"og:description\" content=\"Maria Ant\u00f3nia Almeida Santos, Ex-deputada do PS, Jurista\" \/>\n<meta property=\"og:url\" content=\"https:\/\/estadocomarte.pt\/site\/2025\/05\/20\/seremos-alternativa-responsavel\/\" \/>\n<meta property=\"og:site_name\" content=\"Estado com Arte\" \/>\n<meta property=\"article:published_time\" content=\"2025-05-20T19:01:58+00:00\" \/>\n<meta property=\"article:modified_time\" content=\"2025-05-20T19:04:19+00:00\" \/>\n<meta property=\"og:image\" content=\"https:\/\/estadocomarte.pt\/site\/wp-content\/uploads\/2024\/09\/maria_antonia_almeida_santos_cp-640x640-1.jpg\" \/>\n\t<meta property=\"og:image:width\" content=\"447\" \/>\n\t<meta property=\"og:image:height\" content=\"465\" \/>\n\t<meta property=\"og:image:type\" content=\"image\/jpeg\" \/>\n<meta name=\"author\" content=\"admin\" \/>\n<meta name=\"twitter:card\" content=\"summary_large_image\" \/>\n<meta name=\"twitter:label1\" content=\"Escrito por\" \/>\n\t<meta name=\"twitter:data1\" content=\"admin\" \/>\n\t<meta name=\"twitter:label2\" content=\"Tempo estimado de leitura\" \/>\n\t<meta name=\"twitter:data2\" content=\"4 minutos\" \/>\n<script type=\"application\/ld+json\" class=\"yoast-schema-graph\">{\"@context\":\"https:\/\/schema.org\",\"@graph\":[{\"@type\":\"Article\",\"@id\":\"https:\/\/estadocomarte.pt\/site\/2025\/05\/20\/seremos-alternativa-responsavel\/#article\",\"isPartOf\":{\"@id\":\"https:\/\/estadocomarte.pt\/site\/2025\/05\/20\/seremos-alternativa-responsavel\/\"},\"author\":{\"name\":\"admin\",\"@id\":\"https:\/\/estadocomarte.pt\/site\/#\/schema\/person\/c0943a071216c1e5b21f85304151e4ba\"},\"headline\":\"Seremos alternativa respons\u00e1vel\",\"datePublished\":\"2025-05-20T19:01:58+00:00\",\"dateModified\":\"2025-05-20T19:04:19+00:00\",\"mainEntityOfPage\":{\"@id\":\"https:\/\/estadocomarte.pt\/site\/2025\/05\/20\/seremos-alternativa-responsavel\/\"},\"wordCount\":565,\"commentCount\":0,\"publisher\":{\"@id\":\"https:\/\/estadocomarte.pt\/site\/#organization\"},\"image\":{\"@id\":\"https:\/\/estadocomarte.pt\/site\/2025\/05\/20\/seremos-alternativa-responsavel\/#primaryimage\"},\"thumbnailUrl\":\"https:\/\/estadocomarte.pt\/site\/wp-content\/uploads\/2024\/09\/maria_antonia_almeida_santos_cp-640x640-1.jpg\",\"keywords\":[\"jose luis carneiro\",\"Maria Ant\u00f3nia Almeida Santos\",\"PS\"],\"articleSection\":[\"Bolha Medi\u00e1tica\",\"Isto Para N\u00f3s\"],\"inLanguage\":\"pt-PT\",\"potentialAction\":[{\"@type\":\"CommentAction\",\"name\":\"Comment\",\"target\":[\"https:\/\/estadocomarte.pt\/site\/2025\/05\/20\/seremos-alternativa-responsavel\/#respond\"]}]},{\"@type\":\"WebPage\",\"@id\":\"https:\/\/estadocomarte.pt\/site\/2025\/05\/20\/seremos-alternativa-responsavel\/\",\"url\":\"https:\/\/estadocomarte.pt\/site\/2025\/05\/20\/seremos-alternativa-responsavel\/\",\"name\":\"Seremos alternativa respons\u00e1vel - Estado com Arte\",\"isPartOf\":{\"@id\":\"https:\/\/estadocomarte.pt\/site\/#website\"},\"primaryImageOfPage\":{\"@id\":\"https:\/\/estadocomarte.pt\/site\/2025\/05\/20\/seremos-alternativa-responsavel\/#primaryimage\"},\"image\":{\"@id\":\"https:\/\/estadocomarte.pt\/site\/2025\/05\/20\/seremos-alternativa-responsavel\/#primaryimage\"},\"thumbnailUrl\":\"https:\/\/estadocomarte.pt\/site\/wp-content\/uploads\/2024\/09\/maria_antonia_almeida_santos_cp-640x640-1.jpg\",\"datePublished\":\"2025-05-20T19:01:58+00:00\",\"dateModified\":\"2025-05-20T19:04:19+00:00\",\"breadcrumb\":{\"@id\":\"https:\/\/estadocomarte.pt\/site\/2025\/05\/20\/seremos-alternativa-responsavel\/#breadcrumb\"},\"inLanguage\":\"pt-PT\",\"potentialAction\":[{\"@type\":\"ReadAction\",\"target\":[\"https:\/\/estadocomarte.pt\/site\/2025\/05\/20\/seremos-alternativa-responsavel\/\"]}]},{\"@type\":\"ImageObject\",\"inLanguage\":\"pt-PT\",\"@id\":\"https:\/\/estadocomarte.pt\/site\/2025\/05\/20\/seremos-alternativa-responsavel\/#primaryimage\",\"url\":\"https:\/\/estadocomarte.pt\/site\/wp-content\/uploads\/2024\/09\/maria_antonia_almeida_santos_cp-640x640-1.jpg\",\"contentUrl\":\"https:\/\/estadocomarte.pt\/site\/wp-content\/uploads\/2024\/09\/maria_antonia_almeida_santos_cp-640x640-1.jpg\",\"width\":447,\"height\":465},{\"@type\":\"BreadcrumbList\",\"@id\":\"https:\/\/estadocomarte.pt\/site\/2025\/05\/20\/seremos-alternativa-responsavel\/#breadcrumb\",\"itemListElement\":[{\"@type\":\"ListItem\",\"position\":1,\"name\":\"In\u00edcio\",\"item\":\"https:\/\/estadocomarte.pt\/site\/\"},{\"@type\":\"ListItem\",\"position\":2,\"name\":\"Seremos alternativa respons\u00e1vel\"}]},{\"@type\":\"WebSite\",\"@id\":\"https:\/\/estadocomarte.pt\/site\/#website\",\"url\":\"https:\/\/estadocomarte.pt\/site\/\",\"name\":\"Estado com Arte Magazine\",\"description\":\"Magazine\",\"publisher\":{\"@id\":\"https:\/\/estadocomarte.pt\/site\/#organization\"},\"alternateName\":\"Magazine semanal sobre pol\u00edtica e cultura, com autores, opini\u00e3o e cr\u00edticas.\",\"potentialAction\":[{\"@type\":\"SearchAction\",\"target\":{\"@type\":\"EntryPoint\",\"urlTemplate\":\"https:\/\/estadocomarte.pt\/site\/?s={search_term_string}\"},\"query-input\":{\"@type\":\"PropertyValueSpecification\",\"valueRequired\":true,\"valueName\":\"search_term_string\"}}],\"inLanguage\":\"pt-PT\"},{\"@type\":\"Organization\",\"@id\":\"https:\/\/estadocomarte.pt\/site\/#organization\",\"name\":\"Estado com Arte Magazine\",\"alternateName\":\"Magazine semanal sobre pol\u00edtica e cultura, com autores, opini\u00e3o e cr\u00edticas.\",\"url\":\"https:\/\/estadocomarte.pt\/site\/\",\"logo\":{\"@type\":\"ImageObject\",\"inLanguage\":\"pt-PT\",\"@id\":\"https:\/\/estadocomarte.pt\/site\/#\/schema\/logo\/image\/\",\"url\":\"https:\/\/estadocomarte.pt\/site\/wp-content\/uploads\/2023\/06\/cropped-cropped-Prancheta-2@2x-100.jpg\",\"contentUrl\":\"https:\/\/estadocomarte.pt\/site\/wp-content\/uploads\/2023\/06\/cropped-cropped-Prancheta-2@2x-100.jpg\",\"width\":1777,\"height\":592,\"caption\":\"Estado com Arte Magazine\"},\"image\":{\"@id\":\"https:\/\/estadocomarte.pt\/site\/#\/schema\/logo\/image\/\"},\"sameAs\":[\"https:\/\/www.instagram.com\/estadocomartemagazine\"]},{\"@type\":\"Person\",\"@id\":\"https:\/\/estadocomarte.pt\/site\/#\/schema\/person\/c0943a071216c1e5b21f85304151e4ba\",\"name\":\"admin\",\"image\":{\"@type\":\"ImageObject\",\"inLanguage\":\"pt-PT\",\"@id\":\"https:\/\/estadocomarte.pt\/site\/#\/schema\/person\/image\/\",\"url\":\"https:\/\/secure.gravatar.com\/avatar\/e6f378fd6914c8505d3e1d40f51fa953b21bab0f3a5658a33bc84cb5bda780f9?s=96&d=mm&r=g\",\"contentUrl\":\"https:\/\/secure.gravatar.com\/avatar\/e6f378fd6914c8505d3e1d40f51fa953b21bab0f3a5658a33bc84cb5bda780f9?s=96&d=mm&r=g\",\"caption\":\"admin\"},\"sameAs\":[\"https:\/\/estadocomarte.pt\/site\"],\"url\":\"https:\/\/estadocomarte.pt\/site\/author\/admin\/\"}]}<\/script>\n<!-- \/ Yoast SEO plugin. -->","yoast_head_json":{"title":"Seremos alternativa respons\u00e1vel - Estado com Arte","robots":{"index":"index","follow":"follow","max-snippet":"max-snippet:-1","max-image-preview":"max-image-preview:large","max-video-preview":"max-video-preview:-1"},"canonical":"https:\/\/estadocomarte.pt\/site\/2025\/05\/20\/seremos-alternativa-responsavel\/","og_locale":"pt_PT","og_type":"article","og_title":"Seremos alternativa respons\u00e1vel - Estado com Arte","og_description":"Maria Ant\u00f3nia Almeida Santos, Ex-deputada do PS, Jurista","og_url":"https:\/\/estadocomarte.pt\/site\/2025\/05\/20\/seremos-alternativa-responsavel\/","og_site_name":"Estado com Arte","article_published_time":"2025-05-20T19:01:58+00:00","article_modified_time":"2025-05-20T19:04:19+00:00","og_image":[{"width":447,"height":465,"url":"https:\/\/estadocomarte.pt\/site\/wp-content\/uploads\/2024\/09\/maria_antonia_almeida_santos_cp-640x640-1.jpg","type":"image\/jpeg"}],"author":"admin","twitter_card":"summary_large_image","twitter_misc":{"Escrito por":"admin","Tempo estimado de leitura":"4 minutos"},"schema":{"@context":"https:\/\/schema.org","@graph":[{"@type":"Article","@id":"https:\/\/estadocomarte.pt\/site\/2025\/05\/20\/seremos-alternativa-responsavel\/#article","isPartOf":{"@id":"https:\/\/estadocomarte.pt\/site\/2025\/05\/20\/seremos-alternativa-responsavel\/"},"author":{"name":"admin","@id":"https:\/\/estadocomarte.pt\/site\/#\/schema\/person\/c0943a071216c1e5b21f85304151e4ba"},"headline":"Seremos alternativa respons\u00e1vel","datePublished":"2025-05-20T19:01:58+00:00","dateModified":"2025-05-20T19:04:19+00:00","mainEntityOfPage":{"@id":"https:\/\/estadocomarte.pt\/site\/2025\/05\/20\/seremos-alternativa-responsavel\/"},"wordCount":565,"commentCount":0,"publisher":{"@id":"https:\/\/estadocomarte.pt\/site\/#organization"},"image":{"@id":"https:\/\/estadocomarte.pt\/site\/2025\/05\/20\/seremos-alternativa-responsavel\/#primaryimage"},"thumbnailUrl":"https:\/\/estadocomarte.pt\/site\/wp-content\/uploads\/2024\/09\/maria_antonia_almeida_santos_cp-640x640-1.jpg","keywords":["jose luis carneiro","Maria Ant\u00f3nia Almeida Santos","PS"],"articleSection":["Bolha Medi\u00e1tica","Isto Para N\u00f3s"],"inLanguage":"pt-PT","potentialAction":[{"@type":"CommentAction","name":"Comment","target":["https:\/\/estadocomarte.pt\/site\/2025\/05\/20\/seremos-alternativa-responsavel\/#respond"]}]},{"@type":"WebPage","@id":"https:\/\/estadocomarte.pt\/site\/2025\/05\/20\/seremos-alternativa-responsavel\/","url":"https:\/\/estadocomarte.pt\/site\/2025\/05\/20\/seremos-alternativa-responsavel\/","name":"Seremos alternativa respons\u00e1vel - Estado com Arte","isPartOf":{"@id":"https:\/\/estadocomarte.pt\/site\/#website"},"primaryImageOfPage":{"@id":"https:\/\/estadocomarte.pt\/site\/2025\/05\/20\/seremos-alternativa-responsavel\/#primaryimage"},"image":{"@id":"https:\/\/estadocomarte.pt\/site\/2025\/05\/20\/seremos-alternativa-responsavel\/#primaryimage"},"thumbnailUrl":"https:\/\/estadocomarte.pt\/site\/wp-content\/uploads\/2024\/09\/maria_antonia_almeida_santos_cp-640x640-1.jpg","datePublished":"2025-05-20T19:01:58+00:00","dateModified":"2025-05-20T19:04:19+00:00","breadcrumb":{"@id":"https:\/\/estadocomarte.pt\/site\/2025\/05\/20\/seremos-alternativa-responsavel\/#breadcrumb"},"inLanguage":"pt-PT","potentialAction":[{"@type":"ReadAction","target":["https:\/\/estadocomarte.pt\/site\/2025\/05\/20\/seremos-alternativa-responsavel\/"]}]},{"@type":"ImageObject","inLanguage":"pt-PT","@id":"https:\/\/estadocomarte.pt\/site\/2025\/05\/20\/seremos-alternativa-responsavel\/#primaryimage","url":"https:\/\/estadocomarte.pt\/site\/wp-content\/uploads\/2024\/09\/maria_antonia_almeida_santos_cp-640x640-1.jpg","contentUrl":"https:\/\/estadocomarte.pt\/site\/wp-content\/uploads\/2024\/09\/maria_antonia_almeida_santos_cp-640x640-1.jpg","width":447,"height":465},{"@type":"BreadcrumbList","@id":"https:\/\/estadocomarte.pt\/site\/2025\/05\/20\/seremos-alternativa-responsavel\/#breadcrumb","itemListElement":[{"@type":"ListItem","position":1,"name":"In\u00edcio","item":"https:\/\/estadocomarte.pt\/site\/"},{"@type":"ListItem","position":2,"name":"Seremos alternativa respons\u00e1vel"}]},{"@type":"WebSite","@id":"https:\/\/estadocomarte.pt\/site\/#website","url":"https:\/\/estadocomarte.pt\/site\/","name":"Estado com Arte Magazine","description":"Magazine","publisher":{"@id":"https:\/\/estadocomarte.pt\/site\/#organization"},"alternateName":"Magazine semanal sobre pol\u00edtica e cultura, com autores, opini\u00e3o e cr\u00edticas.","potentialAction":[{"@type":"SearchAction","target":{"@type":"EntryPoint","urlTemplate":"https:\/\/estadocomarte.pt\/site\/?s={search_term_string}"},"query-input":{"@type":"PropertyValueSpecification","valueRequired":true,"valueName":"search_term_string"}}],"inLanguage":"pt-PT"},{"@type":"Organization","@id":"https:\/\/estadocomarte.pt\/site\/#organization","name":"Estado com Arte Magazine","alternateName":"Magazine semanal sobre pol\u00edtica e cultura, com autores, opini\u00e3o e cr\u00edticas.","url":"https:\/\/estadocomarte.pt\/site\/","logo":{"@type":"ImageObject","inLanguage":"pt-PT","@id":"https:\/\/estadocomarte.pt\/site\/#\/schema\/logo\/image\/","url":"https:\/\/estadocomarte.pt\/site\/wp-content\/uploads\/2023\/06\/cropped-cropped-Prancheta-2@2x-100.jpg","contentUrl":"https:\/\/estadocomarte.pt\/site\/wp-content\/uploads\/2023\/06\/cropped-cropped-Prancheta-2@2x-100.jpg","width":1777,"height":592,"caption":"Estado com Arte Magazine"},"image":{"@id":"https:\/\/estadocomarte.pt\/site\/#\/schema\/logo\/image\/"},"sameAs":["https:\/\/www.instagram.com\/estadocomartemagazine"]},{"@type":"Person","@id":"https:\/\/estadocomarte.pt\/site\/#\/schema\/person\/c0943a071216c1e5b21f85304151e4ba","name":"admin","image":{"@type":"ImageObject","inLanguage":"pt-PT","@id":"https:\/\/estadocomarte.pt\/site\/#\/schema\/person\/image\/","url":"https:\/\/secure.gravatar.com\/avatar\/e6f378fd6914c8505d3e1d40f51fa953b21bab0f3a5658a33bc84cb5bda780f9?s=96&d=mm&r=g","contentUrl":"https:\/\/secure.gravatar.com\/avatar\/e6f378fd6914c8505d3e1d40f51fa953b21bab0f3a5658a33bc84cb5bda780f9?s=96&d=mm&r=g","caption":"admin"},"sameAs":["https:\/\/estadocomarte.pt\/site"],"url":"https:\/\/estadocomarte.pt\/site\/author\/admin\/"}]}},"_links":{"self":[{"href":"https:\/\/estadocomarte.pt\/site\/wp-json\/wp\/v2\/posts\/9706","targetHints":{"allow":["GET"]}}],"collection":[{"href":"https:\/\/estadocomarte.pt\/site\/wp-json\/wp\/v2\/posts"}],"about":[{"href":"https:\/\/estadocomarte.pt\/site\/wp-json\/wp\/v2\/types\/post"}],"author":[{"embeddable":true,"href":"https:\/\/estadocomarte.pt\/site\/wp-json\/wp\/v2\/users\/1"}],"replies":[{"embeddable":true,"href":"https:\/\/estadocomarte.pt\/site\/wp-json\/wp\/v2\/comments?post=9706"}],"version-history":[{"count":3,"href":"https:\/\/estadocomarte.pt\/site\/wp-json\/wp\/v2\/posts\/9706\/revisions"}],"predecessor-version":[{"id":9709,"href":"https:\/\/estadocomarte.pt\/site\/wp-json\/wp\/v2\/posts\/9706\/revisions\/9709"}],"wp:featuredmedia":[{"embeddable":true,"href":"https:\/\/estadocomarte.pt\/site\/wp-json\/wp\/v2\/media\/6711"}],"wp:attachment":[{"href":"https:\/\/estadocomarte.pt\/site\/wp-json\/wp\/v2\/media?parent=9706"}],"wp:term":[{"taxonomy":"category","embeddable":true,"href":"https:\/\/estadocomarte.pt\/site\/wp-json\/wp\/v2\/categories?post=9706"},{"taxonomy":"post_tag","embeddable":true,"href":"https:\/\/estadocomarte.pt\/site\/wp-json\/wp\/v2\/tags?post=9706"}],"curies":[{"name":"wp","href":"https:\/\/api.w.org\/{rel}","templated":true}]}}