{"id":9715,"date":"2025-05-21T14:30:51","date_gmt":"2025-05-21T14:30:51","guid":{"rendered":"https:\/\/estadocomarte.pt\/site\/?p=9715"},"modified":"2025-05-21T14:32:23","modified_gmt":"2025-05-21T14:32:23","slug":"a-arte-da-politica-a-responsabilidade-politica-e-a-dignidade-protocolar-do-lider-da-oposicao","status":"publish","type":"post","link":"https:\/\/estadocomarte.pt\/site\/2025\/05\/21\/a-arte-da-politica-a-responsabilidade-politica-e-a-dignidade-protocolar-do-lider-da-oposicao\/","title":{"rendered":"A Arte da Pol\u00edtica. A responsabilidade pol\u00edtica e a dignidade protocolar do l\u00edder da oposi\u00e7\u00e3o"},"content":{"rendered":"<p>A Arte da Pol\u00edtica \u00e9 uma coluna de opini\u00e3o da responsabilidade da polit\u00f3loga S\u00edlvia Mangerona.<\/p>\n<p><strong>O l\u00edder da oposi\u00e7\u00e3o, caso seja eleito pela Assembleia da Rep\u00fablica, tem assento no Conselho de Estado. Tem influ\u00eancia em v\u00e1rias decis\u00f5es parlamentares que exigem uma maioria qualificada de 2\/3 dos votos para serem aprovadas como as revis\u00f5es constitucionais e tem, tamb\u00e9m, envolvimento no processo de elei\u00e7\u00e3o de figuras fundamentais na estrutura jur\u00eddico-pol\u00edtica como por exemplo: a elei\u00e7\u00e3o de Ju\u00edzes do Tribunal Constitucional, do Provedor de Justi\u00e7a e do Presidente do Conselho Econ\u00f3mico e Social.<\/strong><\/p>\n<p>Os l\u00edderes da oposi\u00e7\u00e3o s\u00e3o as figuras pol\u00edticas que comandam o segundo partido com maior representa\u00e7\u00e3o parlamentar. Formalmente, o l\u00edder da oposi\u00e7\u00e3o consta no oitavo lugar do Artigo 7.\u00ba &#8211; Lista de preced\u00eancias &#8211; da Lei das Preced\u00eancias do Protocolo do Estado Portugu\u00eas (Lei n\u00ba 40\/2006). Esta lei \u201cdisp\u00f5e sobre a hierarquia e o relacionamento protocolar das altas entidades p\u00fablicas\u201d e revela os 58 cargos mais importantes para o funcionamento do Estado, reconhecendo-se, por isso, quem protagoniza a mais elevada dignidade protocolar no nosso pa\u00eds.<\/p>\n<p>N\u00e3o h\u00e1 d\u00favida que esta refer\u00eancia normativa institucionaliza o estatuto de l\u00edder da oposi\u00e7\u00e3o deixando de ter apenas reconhecimento simb\u00f3lico. Na lei consta a designa\u00e7\u00e3o de \u201cPresidente ou secret\u00e1rio-geral do maior partido da oposi\u00e7\u00e3o\u201d, mas pode, tendo em conta as atuais designa\u00e7\u00f5es dos l\u00edderes partid\u00e1rios, ser um coordenador ou um porta-voz de um partido.<\/p>\n<p>O l\u00edder da oposi\u00e7\u00e3o tem, necessariamente, maior destaque nos \u00f3rg\u00e3os de comunica\u00e7\u00e3o social tendo em conta o seu estatuto nacional e tamb\u00e9m por representar um n\u00famero muito significativo de eleitores o que imprime maior responsabilidade e participa\u00e7\u00e3o na vida p\u00fablica. No decorrer das suas fun\u00e7\u00f5es pol\u00edticas, o l\u00edder da oposi\u00e7\u00e3o tem direito de informa\u00e7\u00e3o e participa\u00e7\u00e3o na estrutura do Estado com capacidade de consulta pr\u00e9via de dossiers nacionais e internacionais relevantes.<\/p>\n<p>O l\u00edder da oposi\u00e7\u00e3o, caso seja eleito pela Assembleia da Rep\u00fablica, tem assento no Conselho de Estado. Tem influ\u00eancia em v\u00e1rias decis\u00f5es parlamentares que exigem uma maioria qualificada de 2\/3 dos votos para serem aprovadas como as revis\u00f5es constitucionais e tem, tamb\u00e9m, envolvimento no processo de elei\u00e7\u00e3o de figuras fundamentais na estrutura jur\u00eddico-pol\u00edtica como por exemplo: a elei\u00e7\u00e3o de Ju\u00edzes do Tribunal Constitucional, do Provedor de Justi\u00e7a e do Presidente do Conselho Econ\u00f3mico e Social.<\/p>\n<p>De acordo com o seu papel institucional e simb\u00f3lico, o l\u00edder da oposi\u00e7\u00e3o \u00e9 um agente do sistema pol\u00edtico democr\u00e1tico na medida em que \u00e9, tamb\u00e9m, um canal privilegiado para a exig\u00eancia da responsividade do Governo e \u00e9, por tradi\u00e7\u00e3o, chamado a participar nas decis\u00f5es sobre situa\u00e7\u00f5es de urg\u00eancia ou crise nacionais. O seu estatuto pode variar conforme o regime pol\u00edtico e\/ou sistema de governo. Na Europa, h\u00e1 democracias que refor\u00e7am a figura do l\u00edder da oposi\u00e7\u00e3o com a atribui\u00e7\u00e3o de uma remunera\u00e7\u00e3o espec\u00edfica e benef\u00edcios adicionais. \u00c9 o caso do Reino Unido em que o <em>Leader of the Opposition<\/em> tem um sal\u00e1rio adicional ao de membro do parlamento e, tamb\u00e9m, na Gr\u00e9cia onde os benef\u00edcios adicionais podem ser traduzidos em acr\u00e9scimos salariais.<\/p>\n<p>Em Portugal, o acr\u00e9scimo salarial n\u00e3o est\u00e1 previsto, mas o cargo de l\u00edder da oposi\u00e7\u00e3o encerra mais vantagens e responsabilidades. \u00c0 data deste artigo ainda n\u00e3o podemos afirmar, com certeza, qual ser\u00e1 a segunda for\u00e7a pol\u00edtica no Parlamento, depois destas \u00faltimas elei\u00e7\u00f5es legislativas de 18 de maio, nem quem ser\u00e1 o pr\u00f3ximo l\u00edder da oposi\u00e7\u00e3o. Faltam ainda apurar os c\u00edrculos eleitorais da Europa e Fora da Europa para sabermos que for\u00e7as partid\u00e1rias ir\u00e3o ficar com os 4 mandatos que faltam para preencher o hemiciclo e desempatar o segundo lugar \u2013 PS ou CHEGA, ambos com 58 deputados j\u00e1 eleitos.<\/p>\n<p>Ainda assim, sabemos que ser\u00e1 algu\u00e9m a quem caber\u00e1 exig\u00eancias e responsabilidades acrescidas.<\/p>\n<p>Vamos ver.<\/p>\n","protected":false},"excerpt":{"rendered":"<p>S\u00edlvia Mangerona,<br \/>\nProfessora Universit\u00e1ria de Ci\u00eancia Pol\u00edtica,<br \/>\nPolit\u00f3loga<\/p>\n","protected":false},"author":1,"featured_media":3252,"comment_status":"open","ping_status":"open","sticky":false,"template":"","format":"standard","meta":{"site-sidebar-layout":"default","site-content-layout":"default","ast-global-header-display":"","ast-banner-title-visibility":"","ast-main-header-display":"","ast-hfb-above-header-display":"","ast-hfb-below-header-display":"","ast-hfb-mobile-header-display":"","site-post-title":"","ast-breadcrumbs-content":"","ast-featured-img":"","footer-sml-layout":"","theme-transparent-header-meta":"default","adv-header-id-meta":"","stick-header-meta":"","header-above-stick-meta":"","header-main-stick-meta":"","header-below-stick-meta":"","footnotes":""},"categories":[64,11],"tags":[923,924,481,925],"class_list":["post-9715","post","type-post","status-publish","format-standard","has-post-thumbnail","hentry","category-isto-para-nos","category-opiniao","tag-arte-da-politica","tag-lider-da-oposicao","tag-silvia-mangerona","tag-vamos-ver"],"yoast_head":"<!-- This site is optimized with the Yoast SEO plugin v25.1 - https:\/\/yoast.com\/wordpress\/plugins\/seo\/ -->\n<title>A Arte da Pol\u00edtica. A responsabilidade pol\u00edtica e a dignidade protocolar do l\u00edder da oposi\u00e7\u00e3o - Estado com Arte<\/title>\n<meta name=\"robots\" content=\"index, follow, max-snippet:-1, max-image-preview:large, max-video-preview:-1\" \/>\n<link rel=\"canonical\" href=\"https:\/\/estadocomarte.pt\/site\/2025\/05\/21\/a-arte-da-politica-a-responsabilidade-politica-e-a-dignidade-protocolar-do-lider-da-oposicao\/\" \/>\n<meta property=\"og:locale\" content=\"pt_PT\" \/>\n<meta property=\"og:type\" content=\"article\" \/>\n<meta property=\"og:title\" content=\"A Arte da Pol\u00edtica. A responsabilidade pol\u00edtica e a dignidade protocolar do l\u00edder da oposi\u00e7\u00e3o - Estado com Arte\" \/>\n<meta property=\"og:description\" content=\"S\u00edlvia Mangerona, Professora Universit\u00e1ria de Ci\u00eancia Pol\u00edtica, Polit\u00f3loga\" \/>\n<meta property=\"og:url\" content=\"https:\/\/estadocomarte.pt\/site\/2025\/05\/21\/a-arte-da-politica-a-responsabilidade-politica-e-a-dignidade-protocolar-do-lider-da-oposicao\/\" \/>\n<meta property=\"og:site_name\" content=\"Estado com Arte\" \/>\n<meta property=\"article:published_time\" content=\"2025-05-21T14:30:51+00:00\" \/>\n<meta property=\"article:modified_time\" content=\"2025-05-21T14:32:23+00:00\" \/>\n<meta property=\"og:image\" content=\"https:\/\/estadocomarte.pt\/site\/wp-content\/uploads\/2023\/11\/silvia-mangerona.jpg\" \/>\n\t<meta property=\"og:image:width\" content=\"688\" \/>\n\t<meta property=\"og:image:height\" content=\"688\" \/>\n\t<meta property=\"og:image:type\" content=\"image\/jpeg\" \/>\n<meta name=\"author\" content=\"admin\" \/>\n<meta name=\"twitter:card\" content=\"summary_large_image\" \/>\n<meta name=\"twitter:label1\" content=\"Escrito por\" \/>\n\t<meta name=\"twitter:data1\" content=\"admin\" \/>\n\t<meta name=\"twitter:label2\" content=\"Tempo estimado de leitura\" \/>\n\t<meta name=\"twitter:data2\" content=\"4 minutos\" \/>\n<script type=\"application\/ld+json\" class=\"yoast-schema-graph\">{\"@context\":\"https:\/\/schema.org\",\"@graph\":[{\"@type\":\"Article\",\"@id\":\"https:\/\/estadocomarte.pt\/site\/2025\/05\/21\/a-arte-da-politica-a-responsabilidade-politica-e-a-dignidade-protocolar-do-lider-da-oposicao\/#article\",\"isPartOf\":{\"@id\":\"https:\/\/estadocomarte.pt\/site\/2025\/05\/21\/a-arte-da-politica-a-responsabilidade-politica-e-a-dignidade-protocolar-do-lider-da-oposicao\/\"},\"author\":{\"name\":\"admin\",\"@id\":\"https:\/\/estadocomarte.pt\/site\/#\/schema\/person\/c0943a071216c1e5b21f85304151e4ba\"},\"headline\":\"A Arte da Pol\u00edtica. A responsabilidade pol\u00edtica e a dignidade protocolar do l\u00edder da oposi\u00e7\u00e3o\",\"datePublished\":\"2025-05-21T14:30:51+00:00\",\"dateModified\":\"2025-05-21T14:32:23+00:00\",\"mainEntityOfPage\":{\"@id\":\"https:\/\/estadocomarte.pt\/site\/2025\/05\/21\/a-arte-da-politica-a-responsabilidade-politica-e-a-dignidade-protocolar-do-lider-da-oposicao\/\"},\"wordCount\":732,\"commentCount\":0,\"publisher\":{\"@id\":\"https:\/\/estadocomarte.pt\/site\/#organization\"},\"image\":{\"@id\":\"https:\/\/estadocomarte.pt\/site\/2025\/05\/21\/a-arte-da-politica-a-responsabilidade-politica-e-a-dignidade-protocolar-do-lider-da-oposicao\/#primaryimage\"},\"thumbnailUrl\":\"https:\/\/estadocomarte.pt\/site\/wp-content\/uploads\/2023\/11\/silvia-mangerona.jpg\",\"keywords\":[\"Arte da Politica\",\"Lider da oposi\u00e7\u00e3o\",\"S\u00edlvia Mangerona\",\"vamos ver\"],\"articleSection\":[\"Isto Para N\u00f3s\",\"Opini\u00e3o\"],\"inLanguage\":\"pt-PT\",\"potentialAction\":[{\"@type\":\"CommentAction\",\"name\":\"Comment\",\"target\":[\"https:\/\/estadocomarte.pt\/site\/2025\/05\/21\/a-arte-da-politica-a-responsabilidade-politica-e-a-dignidade-protocolar-do-lider-da-oposicao\/#respond\"]}]},{\"@type\":\"WebPage\",\"@id\":\"https:\/\/estadocomarte.pt\/site\/2025\/05\/21\/a-arte-da-politica-a-responsabilidade-politica-e-a-dignidade-protocolar-do-lider-da-oposicao\/\",\"url\":\"https:\/\/estadocomarte.pt\/site\/2025\/05\/21\/a-arte-da-politica-a-responsabilidade-politica-e-a-dignidade-protocolar-do-lider-da-oposicao\/\",\"name\":\"A Arte da Pol\u00edtica. A responsabilidade pol\u00edtica e a dignidade protocolar do l\u00edder da oposi\u00e7\u00e3o - Estado com Arte\",\"isPartOf\":{\"@id\":\"https:\/\/estadocomarte.pt\/site\/#website\"},\"primaryImageOfPage\":{\"@id\":\"https:\/\/estadocomarte.pt\/site\/2025\/05\/21\/a-arte-da-politica-a-responsabilidade-politica-e-a-dignidade-protocolar-do-lider-da-oposicao\/#primaryimage\"},\"image\":{\"@id\":\"https:\/\/estadocomarte.pt\/site\/2025\/05\/21\/a-arte-da-politica-a-responsabilidade-politica-e-a-dignidade-protocolar-do-lider-da-oposicao\/#primaryimage\"},\"thumbnailUrl\":\"https:\/\/estadocomarte.pt\/site\/wp-content\/uploads\/2023\/11\/silvia-mangerona.jpg\",\"datePublished\":\"2025-05-21T14:30:51+00:00\",\"dateModified\":\"2025-05-21T14:32:23+00:00\",\"breadcrumb\":{\"@id\":\"https:\/\/estadocomarte.pt\/site\/2025\/05\/21\/a-arte-da-politica-a-responsabilidade-politica-e-a-dignidade-protocolar-do-lider-da-oposicao\/#breadcrumb\"},\"inLanguage\":\"pt-PT\",\"potentialAction\":[{\"@type\":\"ReadAction\",\"target\":[\"https:\/\/estadocomarte.pt\/site\/2025\/05\/21\/a-arte-da-politica-a-responsabilidade-politica-e-a-dignidade-protocolar-do-lider-da-oposicao\/\"]}]},{\"@type\":\"ImageObject\",\"inLanguage\":\"pt-PT\",\"@id\":\"https:\/\/estadocomarte.pt\/site\/2025\/05\/21\/a-arte-da-politica-a-responsabilidade-politica-e-a-dignidade-protocolar-do-lider-da-oposicao\/#primaryimage\",\"url\":\"https:\/\/estadocomarte.pt\/site\/wp-content\/uploads\/2023\/11\/silvia-mangerona.jpg\",\"contentUrl\":\"https:\/\/estadocomarte.pt\/site\/wp-content\/uploads\/2023\/11\/silvia-mangerona.jpg\",\"width\":688,\"height\":688},{\"@type\":\"BreadcrumbList\",\"@id\":\"https:\/\/estadocomarte.pt\/site\/2025\/05\/21\/a-arte-da-politica-a-responsabilidade-politica-e-a-dignidade-protocolar-do-lider-da-oposicao\/#breadcrumb\",\"itemListElement\":[{\"@type\":\"ListItem\",\"position\":1,\"name\":\"In\u00edcio\",\"item\":\"https:\/\/estadocomarte.pt\/site\/\"},{\"@type\":\"ListItem\",\"position\":2,\"name\":\"A Arte da Pol\u00edtica. A responsabilidade pol\u00edtica e a dignidade protocolar do l\u00edder da oposi\u00e7\u00e3o\"}]},{\"@type\":\"WebSite\",\"@id\":\"https:\/\/estadocomarte.pt\/site\/#website\",\"url\":\"https:\/\/estadocomarte.pt\/site\/\",\"name\":\"Estado com Arte Magazine\",\"description\":\"Magazine\",\"publisher\":{\"@id\":\"https:\/\/estadocomarte.pt\/site\/#organization\"},\"alternateName\":\"Magazine semanal sobre pol\u00edtica e cultura, com autores, opini\u00e3o e cr\u00edticas.\",\"potentialAction\":[{\"@type\":\"SearchAction\",\"target\":{\"@type\":\"EntryPoint\",\"urlTemplate\":\"https:\/\/estadocomarte.pt\/site\/?s={search_term_string}\"},\"query-input\":{\"@type\":\"PropertyValueSpecification\",\"valueRequired\":true,\"valueName\":\"search_term_string\"}}],\"inLanguage\":\"pt-PT\"},{\"@type\":\"Organization\",\"@id\":\"https:\/\/estadocomarte.pt\/site\/#organization\",\"name\":\"Estado com Arte Magazine\",\"alternateName\":\"Magazine semanal sobre pol\u00edtica e cultura, com autores, opini\u00e3o e cr\u00edticas.\",\"url\":\"https:\/\/estadocomarte.pt\/site\/\",\"logo\":{\"@type\":\"ImageObject\",\"inLanguage\":\"pt-PT\",\"@id\":\"https:\/\/estadocomarte.pt\/site\/#\/schema\/logo\/image\/\",\"url\":\"https:\/\/estadocomarte.pt\/site\/wp-content\/uploads\/2023\/06\/cropped-cropped-Prancheta-2@2x-100.jpg\",\"contentUrl\":\"https:\/\/estadocomarte.pt\/site\/wp-content\/uploads\/2023\/06\/cropped-cropped-Prancheta-2@2x-100.jpg\",\"width\":1777,\"height\":592,\"caption\":\"Estado com Arte Magazine\"},\"image\":{\"@id\":\"https:\/\/estadocomarte.pt\/site\/#\/schema\/logo\/image\/\"},\"sameAs\":[\"https:\/\/www.instagram.com\/estadocomartemagazine\"]},{\"@type\":\"Person\",\"@id\":\"https:\/\/estadocomarte.pt\/site\/#\/schema\/person\/c0943a071216c1e5b21f85304151e4ba\",\"name\":\"admin\",\"image\":{\"@type\":\"ImageObject\",\"inLanguage\":\"pt-PT\",\"@id\":\"https:\/\/estadocomarte.pt\/site\/#\/schema\/person\/image\/\",\"url\":\"https:\/\/secure.gravatar.com\/avatar\/e6f378fd6914c8505d3e1d40f51fa953b21bab0f3a5658a33bc84cb5bda780f9?s=96&d=mm&r=g\",\"contentUrl\":\"https:\/\/secure.gravatar.com\/avatar\/e6f378fd6914c8505d3e1d40f51fa953b21bab0f3a5658a33bc84cb5bda780f9?s=96&d=mm&r=g\",\"caption\":\"admin\"},\"sameAs\":[\"https:\/\/estadocomarte.pt\/site\"],\"url\":\"https:\/\/estadocomarte.pt\/site\/author\/admin\/\"}]}<\/script>\n<!-- \/ Yoast SEO plugin. -->","yoast_head_json":{"title":"A Arte da Pol\u00edtica. A responsabilidade pol\u00edtica e a dignidade protocolar do l\u00edder da oposi\u00e7\u00e3o - Estado com Arte","robots":{"index":"index","follow":"follow","max-snippet":"max-snippet:-1","max-image-preview":"max-image-preview:large","max-video-preview":"max-video-preview:-1"},"canonical":"https:\/\/estadocomarte.pt\/site\/2025\/05\/21\/a-arte-da-politica-a-responsabilidade-politica-e-a-dignidade-protocolar-do-lider-da-oposicao\/","og_locale":"pt_PT","og_type":"article","og_title":"A Arte da Pol\u00edtica. A responsabilidade pol\u00edtica e a dignidade protocolar do l\u00edder da oposi\u00e7\u00e3o - Estado com Arte","og_description":"S\u00edlvia Mangerona, Professora Universit\u00e1ria de Ci\u00eancia Pol\u00edtica, Polit\u00f3loga","og_url":"https:\/\/estadocomarte.pt\/site\/2025\/05\/21\/a-arte-da-politica-a-responsabilidade-politica-e-a-dignidade-protocolar-do-lider-da-oposicao\/","og_site_name":"Estado com Arte","article_published_time":"2025-05-21T14:30:51+00:00","article_modified_time":"2025-05-21T14:32:23+00:00","og_image":[{"width":688,"height":688,"url":"https:\/\/estadocomarte.pt\/site\/wp-content\/uploads\/2023\/11\/silvia-mangerona.jpg","type":"image\/jpeg"}],"author":"admin","twitter_card":"summary_large_image","twitter_misc":{"Escrito por":"admin","Tempo estimado de leitura":"4 minutos"},"schema":{"@context":"https:\/\/schema.org","@graph":[{"@type":"Article","@id":"https:\/\/estadocomarte.pt\/site\/2025\/05\/21\/a-arte-da-politica-a-responsabilidade-politica-e-a-dignidade-protocolar-do-lider-da-oposicao\/#article","isPartOf":{"@id":"https:\/\/estadocomarte.pt\/site\/2025\/05\/21\/a-arte-da-politica-a-responsabilidade-politica-e-a-dignidade-protocolar-do-lider-da-oposicao\/"},"author":{"name":"admin","@id":"https:\/\/estadocomarte.pt\/site\/#\/schema\/person\/c0943a071216c1e5b21f85304151e4ba"},"headline":"A Arte da Pol\u00edtica. A responsabilidade pol\u00edtica e a dignidade protocolar do l\u00edder da oposi\u00e7\u00e3o","datePublished":"2025-05-21T14:30:51+00:00","dateModified":"2025-05-21T14:32:23+00:00","mainEntityOfPage":{"@id":"https:\/\/estadocomarte.pt\/site\/2025\/05\/21\/a-arte-da-politica-a-responsabilidade-politica-e-a-dignidade-protocolar-do-lider-da-oposicao\/"},"wordCount":732,"commentCount":0,"publisher":{"@id":"https:\/\/estadocomarte.pt\/site\/#organization"},"image":{"@id":"https:\/\/estadocomarte.pt\/site\/2025\/05\/21\/a-arte-da-politica-a-responsabilidade-politica-e-a-dignidade-protocolar-do-lider-da-oposicao\/#primaryimage"},"thumbnailUrl":"https:\/\/estadocomarte.pt\/site\/wp-content\/uploads\/2023\/11\/silvia-mangerona.jpg","keywords":["Arte da Politica","Lider da oposi\u00e7\u00e3o","S\u00edlvia Mangerona","vamos ver"],"articleSection":["Isto Para N\u00f3s","Opini\u00e3o"],"inLanguage":"pt-PT","potentialAction":[{"@type":"CommentAction","name":"Comment","target":["https:\/\/estadocomarte.pt\/site\/2025\/05\/21\/a-arte-da-politica-a-responsabilidade-politica-e-a-dignidade-protocolar-do-lider-da-oposicao\/#respond"]}]},{"@type":"WebPage","@id":"https:\/\/estadocomarte.pt\/site\/2025\/05\/21\/a-arte-da-politica-a-responsabilidade-politica-e-a-dignidade-protocolar-do-lider-da-oposicao\/","url":"https:\/\/estadocomarte.pt\/site\/2025\/05\/21\/a-arte-da-politica-a-responsabilidade-politica-e-a-dignidade-protocolar-do-lider-da-oposicao\/","name":"A Arte da Pol\u00edtica. A responsabilidade pol\u00edtica e a dignidade protocolar do l\u00edder da oposi\u00e7\u00e3o - Estado com Arte","isPartOf":{"@id":"https:\/\/estadocomarte.pt\/site\/#website"},"primaryImageOfPage":{"@id":"https:\/\/estadocomarte.pt\/site\/2025\/05\/21\/a-arte-da-politica-a-responsabilidade-politica-e-a-dignidade-protocolar-do-lider-da-oposicao\/#primaryimage"},"image":{"@id":"https:\/\/estadocomarte.pt\/site\/2025\/05\/21\/a-arte-da-politica-a-responsabilidade-politica-e-a-dignidade-protocolar-do-lider-da-oposicao\/#primaryimage"},"thumbnailUrl":"https:\/\/estadocomarte.pt\/site\/wp-content\/uploads\/2023\/11\/silvia-mangerona.jpg","datePublished":"2025-05-21T14:30:51+00:00","dateModified":"2025-05-21T14:32:23+00:00","breadcrumb":{"@id":"https:\/\/estadocomarte.pt\/site\/2025\/05\/21\/a-arte-da-politica-a-responsabilidade-politica-e-a-dignidade-protocolar-do-lider-da-oposicao\/#breadcrumb"},"inLanguage":"pt-PT","potentialAction":[{"@type":"ReadAction","target":["https:\/\/estadocomarte.pt\/site\/2025\/05\/21\/a-arte-da-politica-a-responsabilidade-politica-e-a-dignidade-protocolar-do-lider-da-oposicao\/"]}]},{"@type":"ImageObject","inLanguage":"pt-PT","@id":"https:\/\/estadocomarte.pt\/site\/2025\/05\/21\/a-arte-da-politica-a-responsabilidade-politica-e-a-dignidade-protocolar-do-lider-da-oposicao\/#primaryimage","url":"https:\/\/estadocomarte.pt\/site\/wp-content\/uploads\/2023\/11\/silvia-mangerona.jpg","contentUrl":"https:\/\/estadocomarte.pt\/site\/wp-content\/uploads\/2023\/11\/silvia-mangerona.jpg","width":688,"height":688},{"@type":"BreadcrumbList","@id":"https:\/\/estadocomarte.pt\/site\/2025\/05\/21\/a-arte-da-politica-a-responsabilidade-politica-e-a-dignidade-protocolar-do-lider-da-oposicao\/#breadcrumb","itemListElement":[{"@type":"ListItem","position":1,"name":"In\u00edcio","item":"https:\/\/estadocomarte.pt\/site\/"},{"@type":"ListItem","position":2,"name":"A Arte da Pol\u00edtica. A responsabilidade pol\u00edtica e a dignidade protocolar do l\u00edder da oposi\u00e7\u00e3o"}]},{"@type":"WebSite","@id":"https:\/\/estadocomarte.pt\/site\/#website","url":"https:\/\/estadocomarte.pt\/site\/","name":"Estado com Arte Magazine","description":"Magazine","publisher":{"@id":"https:\/\/estadocomarte.pt\/site\/#organization"},"alternateName":"Magazine semanal sobre pol\u00edtica e cultura, com autores, opini\u00e3o e cr\u00edticas.","potentialAction":[{"@type":"SearchAction","target":{"@type":"EntryPoint","urlTemplate":"https:\/\/estadocomarte.pt\/site\/?s={search_term_string}"},"query-input":{"@type":"PropertyValueSpecification","valueRequired":true,"valueName":"search_term_string"}}],"inLanguage":"pt-PT"},{"@type":"Organization","@id":"https:\/\/estadocomarte.pt\/site\/#organization","name":"Estado com Arte Magazine","alternateName":"Magazine semanal sobre pol\u00edtica e cultura, com autores, opini\u00e3o e cr\u00edticas.","url":"https:\/\/estadocomarte.pt\/site\/","logo":{"@type":"ImageObject","inLanguage":"pt-PT","@id":"https:\/\/estadocomarte.pt\/site\/#\/schema\/logo\/image\/","url":"https:\/\/estadocomarte.pt\/site\/wp-content\/uploads\/2023\/06\/cropped-cropped-Prancheta-2@2x-100.jpg","contentUrl":"https:\/\/estadocomarte.pt\/site\/wp-content\/uploads\/2023\/06\/cropped-cropped-Prancheta-2@2x-100.jpg","width":1777,"height":592,"caption":"Estado com Arte Magazine"},"image":{"@id":"https:\/\/estadocomarte.pt\/site\/#\/schema\/logo\/image\/"},"sameAs":["https:\/\/www.instagram.com\/estadocomartemagazine"]},{"@type":"Person","@id":"https:\/\/estadocomarte.pt\/site\/#\/schema\/person\/c0943a071216c1e5b21f85304151e4ba","name":"admin","image":{"@type":"ImageObject","inLanguage":"pt-PT","@id":"https:\/\/estadocomarte.pt\/site\/#\/schema\/person\/image\/","url":"https:\/\/secure.gravatar.com\/avatar\/e6f378fd6914c8505d3e1d40f51fa953b21bab0f3a5658a33bc84cb5bda780f9?s=96&d=mm&r=g","contentUrl":"https:\/\/secure.gravatar.com\/avatar\/e6f378fd6914c8505d3e1d40f51fa953b21bab0f3a5658a33bc84cb5bda780f9?s=96&d=mm&r=g","caption":"admin"},"sameAs":["https:\/\/estadocomarte.pt\/site"],"url":"https:\/\/estadocomarte.pt\/site\/author\/admin\/"}]}},"_links":{"self":[{"href":"https:\/\/estadocomarte.pt\/site\/wp-json\/wp\/v2\/posts\/9715","targetHints":{"allow":["GET"]}}],"collection":[{"href":"https:\/\/estadocomarte.pt\/site\/wp-json\/wp\/v2\/posts"}],"about":[{"href":"https:\/\/estadocomarte.pt\/site\/wp-json\/wp\/v2\/types\/post"}],"author":[{"embeddable":true,"href":"https:\/\/estadocomarte.pt\/site\/wp-json\/wp\/v2\/users\/1"}],"replies":[{"embeddable":true,"href":"https:\/\/estadocomarte.pt\/site\/wp-json\/wp\/v2\/comments?post=9715"}],"version-history":[{"count":2,"href":"https:\/\/estadocomarte.pt\/site\/wp-json\/wp\/v2\/posts\/9715\/revisions"}],"predecessor-version":[{"id":9718,"href":"https:\/\/estadocomarte.pt\/site\/wp-json\/wp\/v2\/posts\/9715\/revisions\/9718"}],"wp:featuredmedia":[{"embeddable":true,"href":"https:\/\/estadocomarte.pt\/site\/wp-json\/wp\/v2\/media\/3252"}],"wp:attachment":[{"href":"https:\/\/estadocomarte.pt\/site\/wp-json\/wp\/v2\/media?parent=9715"}],"wp:term":[{"taxonomy":"category","embeddable":true,"href":"https:\/\/estadocomarte.pt\/site\/wp-json\/wp\/v2\/categories?post=9715"},{"taxonomy":"post_tag","embeddable":true,"href":"https:\/\/estadocomarte.pt\/site\/wp-json\/wp\/v2\/tags?post=9715"}],"curies":[{"name":"wp","href":"https:\/\/api.w.org\/{rel}","templated":true}]}}