{"id":9719,"date":"2025-05-22T09:31:28","date_gmt":"2025-05-22T09:31:28","guid":{"rendered":"https:\/\/estadocomarte.pt\/site\/?p=9719"},"modified":"2025-05-22T09:36:07","modified_gmt":"2025-05-22T09:36:07","slug":"tesouro-de-familia","status":"publish","type":"post","link":"https:\/\/estadocomarte.pt\/site\/2025\/05\/22\/tesouro-de-familia\/","title":{"rendered":"Tesouro de fam\u00edlia"},"content":{"rendered":"<p><strong>Era a v\u00e9spera do casamento da primeira filha, Mimi, de 28 anos. Num pequeno restaurante em frente de casa, a m\u00e3e e os seus quatro filhos, a noiva e os tr\u00eas irm\u00e3os rapazes, apenas um pouco mais novos, conversavam num ambiente misto de emo\u00e7\u00f5es e brincadeiras, naquele que era o \u00faltimo jantar apenas dos cinco.<\/strong><\/p>\n<p>Cada um recordava cenas engra\u00e7adas de inf\u00e2ncia em que a mana mais velha mandava em todos eles como uma m\u00e3ezinha\u2026e atropelavam- se na conversa, entre gargalhadas e recorda\u00e7\u00f5es\u2026Mimi e a m\u00e3e tamb\u00e9m riam a bom rir\u2026<br \/>\n\u2018\u2026 lembram-se, quando a Mimi ficou danada, porque nos foi encontrar a mexer na secret\u00e1ria dela, nos bilhetinhos do namorado e a comer-lhe os chocolates que ela tinha escondidos?\u2019<\/p>\n<p>\u2018\u2026 e daquela vez que o Miguel deixou a casa de banho toda suja e a Mimi o obrigou a lavar tudo com lix\u00edvia, antes que a m\u00e3e chegasse, e ele furioso, a espirrar imenso por causa do cheiro, ali de gatas a limpar\u2026?\u2019<\/p>\n<p>\u2018\u2026 e aquele dia em que ela ficou t\u00e3o zangada, porque tinha estado toda a noite a fazer resumos de Hist\u00f3ria para o Manel e ele no dia seguinte, em vez de querer ter explica\u00e7\u00e3o com ela, foi-se embora para o futebol, n\u00e3o estudou nada, e teve uma nota miser\u00e1vel\u2026?\u2019<\/p>\n<p>\u2018\u2026 e voc\u00eas lembram-se daquele rem\u00e9dio horr\u00edvel que ela nos obrigou a tomar, no dia em que convenceu a m\u00e3e a que t\u00ednhamos todos de fazer uma purga de primavera, para limpar os intestinos, porque tinha visto um di\u00e1rio da nossa bisav\u00f3 alem\u00e3 que defendia muitos princ\u00edpios higi\u00e9nicos\u2026 entre os quais esse \u00f3leo de r\u00edcino \u2026 e depois fic\u00e1mos cheios de dores de barriga e est\u00e1vamos sempre a correr para a casa de banho? Ahaha\u2026\u2019<\/p>\n<p>O ambiente estava muito animado at\u00e9 que, chegado o momento das sobremesas, a m\u00e3e, subitamente, ficou muito s\u00e9ria e lhes disse:<\/p>\n<p>\u2018\u2026 desculpem interromper, mas eu tamb\u00e9m queria recordar outros acontecimentos, n\u00e3o t\u00e3o divertidos, mas que tiveram uma influ\u00eancia decisiva na fam\u00edlia que hoje somos! Estou certa de que a Mimi, como mais velha, se lembrar\u00e1 bem\u2026\u2019<\/p>\n<p>Ent\u00e3o, comovida, com dedos tr\u00e9mulos, a m\u00e3e abriu a carteira, tirou umas fotos do pai em jovem, que foi passando de m\u00e3o em m\u00e3o, e come\u00e7ou a recordar aquela noite fat\u00eddica em que uma tempestade no Alentejo, derrubara uma \u00e1rvore de grande porte sobre o carro que o pai guiava, no regresso a casa, e o vento cicl\u00f3nico o arrastara por uma ribanceira abaixo. Depois, fora a not\u00edcia daquele terr\u00edvel acidente atrav\u00e9s de um telefonema dos bombeiros e da pol\u00edcia, as dificuldades para o desencarcerarem, a longa perman\u00eancia em coma no hospital, e por fim o regresso a casa \u2026 dependente de todos e sem falar, apesar de consciente, at\u00e9 ao seu fim, alguns anos mais tarde\u2026<br \/>\nA m\u00e3e quis lembrar-lhes, como num \u00e1pice, as suas vidas se tinham transformado: o pai, de grande gestor de uma empresa em franco crescimento, que pagava excelentes ordenados para a \u00e9poca\u2026 passara a doente necessitado de cuidador dia e noite e desempregado\u2026um homem jovem, bonito e de porte atl\u00e9tico, transformado num quase farrapo humano\u2026<br \/>\nE lembrou como tinham tido de mudar de uma bela moradia num condom\u00ednio de luxo em Cascais para uma casa muito pequena num bairro social nos arredores de Lisboa \u2026 e tinham passado do col\u00e9gio privado para a escola p\u00fablica\u2026 por outro lado, tamb\u00e9m a partir de ent\u00e3o, j\u00e1 n\u00e3o havia dinheiro para empregadas, nem para fins de semana fora, ou f\u00e9rias na praia\u2026ou no estrangeiro\u2026<br \/>\nDe um dia para o outro tudo mudara radicalmente, e a m\u00e3e tivera de procurar outro emprego tamb\u00e9m para conseguir hor\u00e1rios compat\u00edveis com os cuidados que o pai precisava\u2026 e ao fim de semana at\u00e9 cozinhava para fora, para juntar mais alguns euros\u2026<br \/>\nE quando, muitas vezes, \u00e0s escondidas dos filhos, j\u00e1 deitada, chorava a pensar quem lhe dera que tudo aquilo fosse apenas um pesadelo, vinham-lhe ent\u00e3o \u00e0 cabe\u00e7a as ora\u00e7\u00f5es e cita\u00e7\u00f5es da av\u00f3 alem\u00e3, sobrevivente da guerra, que deixara um di\u00e1rio escrito onde lhes ensinara:\u2019 \u2026d\u00e1-me, Senhor, Serenidade, para aceitar o que n\u00e3o posso mudar, d\u00e1-me Coragem, para mudar o que posso, e Luz, para discernir entre uma coisa e outra\u2026\u2019; \u2018n\u00e3o h\u00e1 um elevador para o sucesso; tens mesmo de subir as escadas; \u2018 e ainda \u2018 quando os tempos forem dif\u00edceis (wenn die Zeiten schwierig sind, geh in kleinen Schritten weiter\u2026), avan\u00e7a com passos pequeninos, faz o que deves, mas devagar. N\u00e3o penses no futuro\u2026 cozinha a sopa, limpa o p\u00f3, passa a ferro, escreve uma carta\u2026 mas d\u00e1 um pequeno passo de cada vez\u2026; nunca desistas\u2026 n\u00e3o desanimes, nem desesperes, porque depois da tempestade, vem a bonan\u00e7a!\u2019<\/p>\n<p>E naquela noite, a m\u00e3e foi lembrando aos seus filhos, como cada decis\u00e3o e cada mudan\u00e7a fora dif\u00edcil, mas como eles, a quem sempre explicara tudo e a quem pedira ajuda, se tinham pouco a pouco transformado em excelentes pessoas, crian\u00e7as e depois adolescentes respons\u00e1veis e bons alunos, que ajudavam tanto, colaborando no que podiam para apoiar a m\u00e3e, cuidar do pai, da casa e sem exig\u00eancias, nem birras, nem ego\u00edsmos\u2026<\/p>\n<p>De l\u00e1grimas nos olhos, abra\u00e7ando sua filha Mimi, a m\u00e3e desejou-lhe as maiores felicidades, dizendo que confiava que ela saberia levar para o seu novo lar na mala de viagem, o verdadeiro tesouro de fam\u00edlia, aquela experi\u00eancia de vida, para a partilhar com o marido e os filhos que viessem a nascer!<\/p>\n<p>O restaurante esvaziara-se, entretanto, e aproximava-se a hora de fechar e regressar a casa. Ent\u00e3o os rapazes, pegando numa viola, propuseram acabar aquele delicioso encontro familiar, com uma sa\u00fade e a m\u00fasica preferida do pai, que sempre cantavam em ocasi\u00f5es especiais : \u2018You are my sunshine, my only sunshine, you make me happy, when skies are grey\u2026 you\u2019ll never know, dear, how much I love you\u2026 please don\u2019t take my sunshine away\u2026\u2019 ( tu \u00e9s o meu sol, meu \u00fanico sol, tu fazes-me feliz quando o c\u00e9u est\u00e1 cinzento, nunca saber\u00e1s, meu amor, quanto te amo, por favor n\u00e3o me tirem o meu sol\u2026).<\/p>\n","protected":false},"excerpt":{"rendered":"<p>F\u00e1tima Fonseca,<br \/>\nProfessora de L\u00ednguas,<br \/>\nEspecialista em Orienta\u00e7\u00e3o Familiar<\/p>\n","protected":false},"author":1,"featured_media":2581,"comment_status":"open","ping_status":"open","sticky":false,"template":"","format":"standard","meta":{"site-sidebar-layout":"default","site-content-layout":"default","ast-global-header-display":"","ast-banner-title-visibility":"","ast-main-header-display":"","ast-hfb-above-header-display":"","ast-hfb-below-header-display":"","ast-hfb-mobile-header-display":"","site-post-title":"","ast-breadcrumbs-content":"","ast-featured-img":"","footer-sml-layout":"","theme-transparent-header-meta":"default","adv-header-id-meta":"","stick-header-meta":"","header-above-stick-meta":"","header-main-stick-meta":"","header-below-stick-meta":"","footnotes":""},"categories":[64,56],"tags":[156],"class_list":["post-9719","post","type-post","status-publish","format-standard","has-post-thumbnail","hentry","category-isto-para-nos","category-pontas-soltas","tag-fatima-fonseca"],"yoast_head":"<!-- This site is optimized with the Yoast SEO plugin v25.1 - https:\/\/yoast.com\/wordpress\/plugins\/seo\/ -->\n<title>Tesouro de fam\u00edlia - Estado com Arte<\/title>\n<meta name=\"robots\" content=\"index, follow, max-snippet:-1, max-image-preview:large, max-video-preview:-1\" \/>\n<link rel=\"canonical\" href=\"https:\/\/estadocomarte.pt\/site\/2025\/05\/22\/tesouro-de-familia\/\" \/>\n<meta property=\"og:locale\" content=\"pt_PT\" \/>\n<meta property=\"og:type\" content=\"article\" \/>\n<meta property=\"og:title\" content=\"Tesouro de fam\u00edlia - Estado com Arte\" \/>\n<meta property=\"og:description\" content=\"F\u00e1tima Fonseca, Professora de L\u00ednguas, Especialista em Orienta\u00e7\u00e3o Familiar\" \/>\n<meta property=\"og:url\" content=\"https:\/\/estadocomarte.pt\/site\/2025\/05\/22\/tesouro-de-familia\/\" \/>\n<meta property=\"og:site_name\" content=\"Estado com Arte\" \/>\n<meta property=\"article:published_time\" content=\"2025-05-22T09:31:28+00:00\" \/>\n<meta property=\"article:modified_time\" content=\"2025-05-22T09:36:07+00:00\" \/>\n<meta property=\"og:image\" content=\"https:\/\/estadocomarte.pt\/site\/wp-content\/uploads\/2023\/09\/Fatima-Fonseca.jpg\" \/>\n\t<meta property=\"og:image:width\" content=\"319\" \/>\n\t<meta property=\"og:image:height\" content=\"432\" \/>\n\t<meta property=\"og:image:type\" content=\"image\/jpeg\" \/>\n<meta name=\"author\" content=\"admin\" \/>\n<meta name=\"twitter:card\" content=\"summary_large_image\" \/>\n<meta name=\"twitter:label1\" content=\"Escrito por\" \/>\n\t<meta name=\"twitter:data1\" content=\"admin\" \/>\n\t<meta name=\"twitter:label2\" content=\"Tempo estimado de leitura\" \/>\n\t<meta name=\"twitter:data2\" content=\"6 minutos\" \/>\n<script type=\"application\/ld+json\" class=\"yoast-schema-graph\">{\"@context\":\"https:\/\/schema.org\",\"@graph\":[{\"@type\":\"Article\",\"@id\":\"https:\/\/estadocomarte.pt\/site\/2025\/05\/22\/tesouro-de-familia\/#article\",\"isPartOf\":{\"@id\":\"https:\/\/estadocomarte.pt\/site\/2025\/05\/22\/tesouro-de-familia\/\"},\"author\":{\"name\":\"admin\",\"@id\":\"https:\/\/estadocomarte.pt\/site\/#\/schema\/person\/c0943a071216c1e5b21f85304151e4ba\"},\"headline\":\"Tesouro de fam\u00edlia\",\"datePublished\":\"2025-05-22T09:31:28+00:00\",\"dateModified\":\"2025-05-22T09:36:07+00:00\",\"mainEntityOfPage\":{\"@id\":\"https:\/\/estadocomarte.pt\/site\/2025\/05\/22\/tesouro-de-familia\/\"},\"wordCount\":1097,\"commentCount\":0,\"publisher\":{\"@id\":\"https:\/\/estadocomarte.pt\/site\/#organization\"},\"image\":{\"@id\":\"https:\/\/estadocomarte.pt\/site\/2025\/05\/22\/tesouro-de-familia\/#primaryimage\"},\"thumbnailUrl\":\"https:\/\/estadocomarte.pt\/site\/wp-content\/uploads\/2023\/09\/Fatima-Fonseca.jpg\",\"keywords\":[\"F\u00e1tima Fonseca\"],\"articleSection\":[\"Isto Para N\u00f3s\",\"Pontas Soltas\"],\"inLanguage\":\"pt-PT\",\"potentialAction\":[{\"@type\":\"CommentAction\",\"name\":\"Comment\",\"target\":[\"https:\/\/estadocomarte.pt\/site\/2025\/05\/22\/tesouro-de-familia\/#respond\"]}]},{\"@type\":\"WebPage\",\"@id\":\"https:\/\/estadocomarte.pt\/site\/2025\/05\/22\/tesouro-de-familia\/\",\"url\":\"https:\/\/estadocomarte.pt\/site\/2025\/05\/22\/tesouro-de-familia\/\",\"name\":\"Tesouro de fam\u00edlia - Estado com Arte\",\"isPartOf\":{\"@id\":\"https:\/\/estadocomarte.pt\/site\/#website\"},\"primaryImageOfPage\":{\"@id\":\"https:\/\/estadocomarte.pt\/site\/2025\/05\/22\/tesouro-de-familia\/#primaryimage\"},\"image\":{\"@id\":\"https:\/\/estadocomarte.pt\/site\/2025\/05\/22\/tesouro-de-familia\/#primaryimage\"},\"thumbnailUrl\":\"https:\/\/estadocomarte.pt\/site\/wp-content\/uploads\/2023\/09\/Fatima-Fonseca.jpg\",\"datePublished\":\"2025-05-22T09:31:28+00:00\",\"dateModified\":\"2025-05-22T09:36:07+00:00\",\"breadcrumb\":{\"@id\":\"https:\/\/estadocomarte.pt\/site\/2025\/05\/22\/tesouro-de-familia\/#breadcrumb\"},\"inLanguage\":\"pt-PT\",\"potentialAction\":[{\"@type\":\"ReadAction\",\"target\":[\"https:\/\/estadocomarte.pt\/site\/2025\/05\/22\/tesouro-de-familia\/\"]}]},{\"@type\":\"ImageObject\",\"inLanguage\":\"pt-PT\",\"@id\":\"https:\/\/estadocomarte.pt\/site\/2025\/05\/22\/tesouro-de-familia\/#primaryimage\",\"url\":\"https:\/\/estadocomarte.pt\/site\/wp-content\/uploads\/2023\/09\/Fatima-Fonseca.jpg\",\"contentUrl\":\"https:\/\/estadocomarte.pt\/site\/wp-content\/uploads\/2023\/09\/Fatima-Fonseca.jpg\",\"width\":319,\"height\":432},{\"@type\":\"BreadcrumbList\",\"@id\":\"https:\/\/estadocomarte.pt\/site\/2025\/05\/22\/tesouro-de-familia\/#breadcrumb\",\"itemListElement\":[{\"@type\":\"ListItem\",\"position\":1,\"name\":\"In\u00edcio\",\"item\":\"https:\/\/estadocomarte.pt\/site\/\"},{\"@type\":\"ListItem\",\"position\":2,\"name\":\"Tesouro de fam\u00edlia\"}]},{\"@type\":\"WebSite\",\"@id\":\"https:\/\/estadocomarte.pt\/site\/#website\",\"url\":\"https:\/\/estadocomarte.pt\/site\/\",\"name\":\"Estado com Arte Magazine\",\"description\":\"Magazine\",\"publisher\":{\"@id\":\"https:\/\/estadocomarte.pt\/site\/#organization\"},\"alternateName\":\"Magazine semanal sobre pol\u00edtica e cultura, com autores, opini\u00e3o e cr\u00edticas.\",\"potentialAction\":[{\"@type\":\"SearchAction\",\"target\":{\"@type\":\"EntryPoint\",\"urlTemplate\":\"https:\/\/estadocomarte.pt\/site\/?s={search_term_string}\"},\"query-input\":{\"@type\":\"PropertyValueSpecification\",\"valueRequired\":true,\"valueName\":\"search_term_string\"}}],\"inLanguage\":\"pt-PT\"},{\"@type\":\"Organization\",\"@id\":\"https:\/\/estadocomarte.pt\/site\/#organization\",\"name\":\"Estado com Arte Magazine\",\"alternateName\":\"Magazine semanal sobre pol\u00edtica e cultura, com autores, opini\u00e3o e cr\u00edticas.\",\"url\":\"https:\/\/estadocomarte.pt\/site\/\",\"logo\":{\"@type\":\"ImageObject\",\"inLanguage\":\"pt-PT\",\"@id\":\"https:\/\/estadocomarte.pt\/site\/#\/schema\/logo\/image\/\",\"url\":\"https:\/\/estadocomarte.pt\/site\/wp-content\/uploads\/2023\/06\/cropped-cropped-Prancheta-2@2x-100.jpg\",\"contentUrl\":\"https:\/\/estadocomarte.pt\/site\/wp-content\/uploads\/2023\/06\/cropped-cropped-Prancheta-2@2x-100.jpg\",\"width\":1777,\"height\":592,\"caption\":\"Estado com Arte Magazine\"},\"image\":{\"@id\":\"https:\/\/estadocomarte.pt\/site\/#\/schema\/logo\/image\/\"},\"sameAs\":[\"https:\/\/www.instagram.com\/estadocomartemagazine\"]},{\"@type\":\"Person\",\"@id\":\"https:\/\/estadocomarte.pt\/site\/#\/schema\/person\/c0943a071216c1e5b21f85304151e4ba\",\"name\":\"admin\",\"image\":{\"@type\":\"ImageObject\",\"inLanguage\":\"pt-PT\",\"@id\":\"https:\/\/estadocomarte.pt\/site\/#\/schema\/person\/image\/\",\"url\":\"https:\/\/secure.gravatar.com\/avatar\/e6f378fd6914c8505d3e1d40f51fa953b21bab0f3a5658a33bc84cb5bda780f9?s=96&d=mm&r=g\",\"contentUrl\":\"https:\/\/secure.gravatar.com\/avatar\/e6f378fd6914c8505d3e1d40f51fa953b21bab0f3a5658a33bc84cb5bda780f9?s=96&d=mm&r=g\",\"caption\":\"admin\"},\"sameAs\":[\"https:\/\/estadocomarte.pt\/site\"],\"url\":\"https:\/\/estadocomarte.pt\/site\/author\/admin\/\"}]}<\/script>\n<!-- \/ Yoast SEO plugin. -->","yoast_head_json":{"title":"Tesouro de fam\u00edlia - Estado com Arte","robots":{"index":"index","follow":"follow","max-snippet":"max-snippet:-1","max-image-preview":"max-image-preview:large","max-video-preview":"max-video-preview:-1"},"canonical":"https:\/\/estadocomarte.pt\/site\/2025\/05\/22\/tesouro-de-familia\/","og_locale":"pt_PT","og_type":"article","og_title":"Tesouro de fam\u00edlia - Estado com Arte","og_description":"F\u00e1tima Fonseca, Professora de L\u00ednguas, Especialista em Orienta\u00e7\u00e3o Familiar","og_url":"https:\/\/estadocomarte.pt\/site\/2025\/05\/22\/tesouro-de-familia\/","og_site_name":"Estado com Arte","article_published_time":"2025-05-22T09:31:28+00:00","article_modified_time":"2025-05-22T09:36:07+00:00","og_image":[{"width":319,"height":432,"url":"https:\/\/estadocomarte.pt\/site\/wp-content\/uploads\/2023\/09\/Fatima-Fonseca.jpg","type":"image\/jpeg"}],"author":"admin","twitter_card":"summary_large_image","twitter_misc":{"Escrito por":"admin","Tempo estimado de leitura":"6 minutos"},"schema":{"@context":"https:\/\/schema.org","@graph":[{"@type":"Article","@id":"https:\/\/estadocomarte.pt\/site\/2025\/05\/22\/tesouro-de-familia\/#article","isPartOf":{"@id":"https:\/\/estadocomarte.pt\/site\/2025\/05\/22\/tesouro-de-familia\/"},"author":{"name":"admin","@id":"https:\/\/estadocomarte.pt\/site\/#\/schema\/person\/c0943a071216c1e5b21f85304151e4ba"},"headline":"Tesouro de fam\u00edlia","datePublished":"2025-05-22T09:31:28+00:00","dateModified":"2025-05-22T09:36:07+00:00","mainEntityOfPage":{"@id":"https:\/\/estadocomarte.pt\/site\/2025\/05\/22\/tesouro-de-familia\/"},"wordCount":1097,"commentCount":0,"publisher":{"@id":"https:\/\/estadocomarte.pt\/site\/#organization"},"image":{"@id":"https:\/\/estadocomarte.pt\/site\/2025\/05\/22\/tesouro-de-familia\/#primaryimage"},"thumbnailUrl":"https:\/\/estadocomarte.pt\/site\/wp-content\/uploads\/2023\/09\/Fatima-Fonseca.jpg","keywords":["F\u00e1tima Fonseca"],"articleSection":["Isto Para N\u00f3s","Pontas Soltas"],"inLanguage":"pt-PT","potentialAction":[{"@type":"CommentAction","name":"Comment","target":["https:\/\/estadocomarte.pt\/site\/2025\/05\/22\/tesouro-de-familia\/#respond"]}]},{"@type":"WebPage","@id":"https:\/\/estadocomarte.pt\/site\/2025\/05\/22\/tesouro-de-familia\/","url":"https:\/\/estadocomarte.pt\/site\/2025\/05\/22\/tesouro-de-familia\/","name":"Tesouro de fam\u00edlia - Estado com Arte","isPartOf":{"@id":"https:\/\/estadocomarte.pt\/site\/#website"},"primaryImageOfPage":{"@id":"https:\/\/estadocomarte.pt\/site\/2025\/05\/22\/tesouro-de-familia\/#primaryimage"},"image":{"@id":"https:\/\/estadocomarte.pt\/site\/2025\/05\/22\/tesouro-de-familia\/#primaryimage"},"thumbnailUrl":"https:\/\/estadocomarte.pt\/site\/wp-content\/uploads\/2023\/09\/Fatima-Fonseca.jpg","datePublished":"2025-05-22T09:31:28+00:00","dateModified":"2025-05-22T09:36:07+00:00","breadcrumb":{"@id":"https:\/\/estadocomarte.pt\/site\/2025\/05\/22\/tesouro-de-familia\/#breadcrumb"},"inLanguage":"pt-PT","potentialAction":[{"@type":"ReadAction","target":["https:\/\/estadocomarte.pt\/site\/2025\/05\/22\/tesouro-de-familia\/"]}]},{"@type":"ImageObject","inLanguage":"pt-PT","@id":"https:\/\/estadocomarte.pt\/site\/2025\/05\/22\/tesouro-de-familia\/#primaryimage","url":"https:\/\/estadocomarte.pt\/site\/wp-content\/uploads\/2023\/09\/Fatima-Fonseca.jpg","contentUrl":"https:\/\/estadocomarte.pt\/site\/wp-content\/uploads\/2023\/09\/Fatima-Fonseca.jpg","width":319,"height":432},{"@type":"BreadcrumbList","@id":"https:\/\/estadocomarte.pt\/site\/2025\/05\/22\/tesouro-de-familia\/#breadcrumb","itemListElement":[{"@type":"ListItem","position":1,"name":"In\u00edcio","item":"https:\/\/estadocomarte.pt\/site\/"},{"@type":"ListItem","position":2,"name":"Tesouro de fam\u00edlia"}]},{"@type":"WebSite","@id":"https:\/\/estadocomarte.pt\/site\/#website","url":"https:\/\/estadocomarte.pt\/site\/","name":"Estado com Arte Magazine","description":"Magazine","publisher":{"@id":"https:\/\/estadocomarte.pt\/site\/#organization"},"alternateName":"Magazine semanal sobre pol\u00edtica e cultura, com autores, opini\u00e3o e cr\u00edticas.","potentialAction":[{"@type":"SearchAction","target":{"@type":"EntryPoint","urlTemplate":"https:\/\/estadocomarte.pt\/site\/?s={search_term_string}"},"query-input":{"@type":"PropertyValueSpecification","valueRequired":true,"valueName":"search_term_string"}}],"inLanguage":"pt-PT"},{"@type":"Organization","@id":"https:\/\/estadocomarte.pt\/site\/#organization","name":"Estado com Arte Magazine","alternateName":"Magazine semanal sobre pol\u00edtica e cultura, com autores, opini\u00e3o e cr\u00edticas.","url":"https:\/\/estadocomarte.pt\/site\/","logo":{"@type":"ImageObject","inLanguage":"pt-PT","@id":"https:\/\/estadocomarte.pt\/site\/#\/schema\/logo\/image\/","url":"https:\/\/estadocomarte.pt\/site\/wp-content\/uploads\/2023\/06\/cropped-cropped-Prancheta-2@2x-100.jpg","contentUrl":"https:\/\/estadocomarte.pt\/site\/wp-content\/uploads\/2023\/06\/cropped-cropped-Prancheta-2@2x-100.jpg","width":1777,"height":592,"caption":"Estado com Arte Magazine"},"image":{"@id":"https:\/\/estadocomarte.pt\/site\/#\/schema\/logo\/image\/"},"sameAs":["https:\/\/www.instagram.com\/estadocomartemagazine"]},{"@type":"Person","@id":"https:\/\/estadocomarte.pt\/site\/#\/schema\/person\/c0943a071216c1e5b21f85304151e4ba","name":"admin","image":{"@type":"ImageObject","inLanguage":"pt-PT","@id":"https:\/\/estadocomarte.pt\/site\/#\/schema\/person\/image\/","url":"https:\/\/secure.gravatar.com\/avatar\/e6f378fd6914c8505d3e1d40f51fa953b21bab0f3a5658a33bc84cb5bda780f9?s=96&d=mm&r=g","contentUrl":"https:\/\/secure.gravatar.com\/avatar\/e6f378fd6914c8505d3e1d40f51fa953b21bab0f3a5658a33bc84cb5bda780f9?s=96&d=mm&r=g","caption":"admin"},"sameAs":["https:\/\/estadocomarte.pt\/site"],"url":"https:\/\/estadocomarte.pt\/site\/author\/admin\/"}]}},"_links":{"self":[{"href":"https:\/\/estadocomarte.pt\/site\/wp-json\/wp\/v2\/posts\/9719","targetHints":{"allow":["GET"]}}],"collection":[{"href":"https:\/\/estadocomarte.pt\/site\/wp-json\/wp\/v2\/posts"}],"about":[{"href":"https:\/\/estadocomarte.pt\/site\/wp-json\/wp\/v2\/types\/post"}],"author":[{"embeddable":true,"href":"https:\/\/estadocomarte.pt\/site\/wp-json\/wp\/v2\/users\/1"}],"replies":[{"embeddable":true,"href":"https:\/\/estadocomarte.pt\/site\/wp-json\/wp\/v2\/comments?post=9719"}],"version-history":[{"count":3,"href":"https:\/\/estadocomarte.pt\/site\/wp-json\/wp\/v2\/posts\/9719\/revisions"}],"predecessor-version":[{"id":9725,"href":"https:\/\/estadocomarte.pt\/site\/wp-json\/wp\/v2\/posts\/9719\/revisions\/9725"}],"wp:featuredmedia":[{"embeddable":true,"href":"https:\/\/estadocomarte.pt\/site\/wp-json\/wp\/v2\/media\/2581"}],"wp:attachment":[{"href":"https:\/\/estadocomarte.pt\/site\/wp-json\/wp\/v2\/media?parent=9719"}],"wp:term":[{"taxonomy":"category","embeddable":true,"href":"https:\/\/estadocomarte.pt\/site\/wp-json\/wp\/v2\/categories?post=9719"},{"taxonomy":"post_tag","embeddable":true,"href":"https:\/\/estadocomarte.pt\/site\/wp-json\/wp\/v2\/tags?post=9719"}],"curies":[{"name":"wp","href":"https:\/\/api.w.org\/{rel}","templated":true}]}}