{"id":9727,"date":"2025-05-22T10:11:56","date_gmt":"2025-05-22T10:11:56","guid":{"rendered":"https:\/\/estadocomarte.pt\/site\/?p=9727"},"modified":"2025-05-22T10:13:26","modified_gmt":"2025-05-22T10:13:26","slug":"obra-postuma-o-contador-de-historias-de-paulo-gil-na-comuna-dia-31-de-maio","status":"publish","type":"post","link":"https:\/\/estadocomarte.pt\/site\/2025\/05\/22\/obra-postuma-o-contador-de-historias-de-paulo-gil-na-comuna-dia-31-de-maio\/","title":{"rendered":"Obra p\u00f3stuma. O Contador de Hist\u00f3rias, de Paulo Gil, na Comuna dia 31 de maio"},"content":{"rendered":"<p><strong>Paulo Gil morreu aos 84 anos, h\u00e1 tr\u00eas anos, em maio de 2022. Fam\u00edlia e amigos decidiram compilar em livro um conjunto de hist\u00f3rias, in\u00e9ditas, narradas na primeira pessoa, sobre os encontros e desencontros que Paulo Gil teve, durante d\u00e9cadas com grandes figuras do Jazz Nacional e Internacional. <\/strong><\/p>\n<p>O Contador de Hist\u00f3rias, de Paulo Gil, uma obra p\u00f3stuma, com a chancela da editora Obn\u00f3sis, ser\u00e1 apresentada no dia 31 de Maio, pelas 18h, no teatro da Comuna.<\/p>\n<p>Paulo Gil escrevia, escrevia muito e ap\u00f3s o seu desaparecimento, os mais pr\u00f3ximos descobriram hist\u00f3rias e est\u00f3rias na primeira pessoa, que nunca tinham sa\u00eddo da gaveta. Trata-se quase de um di\u00e1rio sobre uma vida dedicada ao jazz.<\/p>\n<p>Paulo Gil \u00e9 uma figura incontorn\u00e1vel da Hist\u00f3ria do Jazz em Portugal. Foi m\u00fasico (baterista), jornalista, cr\u00edtico, promotor de espet\u00e1culos e um dos primeiros jovens s\u00f3cios, em 1955, e a convite de Lu\u00eds Villas-Boas, do ic\u00f3nico Hot Clube que durante d\u00e9cadas funcionou na Pra\u00e7a da Alegria, em Lisboa. Tocou anos neste espa\u00e7o e apoiava os novos m\u00fasicos, os que numa \u00e9poca dif\u00edcil dos anos 70 e 80, sonhavam ser artistas e dedicarem-se ao jazz.<\/p>\n<p>Conheceu diversas figuras da m\u00fasica, de Miles Davis a Roger Water, passando pelo Wayne Escovery entre variad\u00edssimas outros nomes com forte presen\u00e7a no mundo da m\u00fasica. Ao longo da sua carreira esteve ligado \u00e0 programa\u00e7\u00e3o do Hot Club, do Seixal Jazz, ao Festival Internacional de Jazz de Oeiras entre outros certames mais recentes.<\/p>\n<p>\u201cEste \u00e9 um livro de mem\u00f3rias, com textos in\u00e9ditos, mas fundamental para se compreender a hist\u00f3ria e a evolu\u00e7\u00e3o da Jazz. S\u00e3o hist\u00f3rias que nos sensibilizam e nos transportam para d\u00e9cadas diferentes. Mas de facto, Paulo Gil foi um dos grandes impulsionadores do Jazz em Portugal e estes textos s\u00e3o arrepiantes. Paulo Gil era um homem que sentia o jazz e o seu legado n\u00e3o ser\u00e1 esquecido\u201d, comenta a editora Maria Barroso Gon\u00e7alves.<\/p>\n<p>O Contador de Hist\u00f3rias, de Paulo Gil, \u00a0ter\u00e1 um momento musical dedicado ao jazz &#8211; protagonizado por m\u00fasicos que sentiram Paulo Gil como uma mestre.<\/p>\n","protected":false},"excerpt":{"rendered":"<p>Estado com Arte Magazine<\/p>\n","protected":false},"author":1,"featured_media":9729,"comment_status":"open","ping_status":"open","sticky":false,"template":"","format":"standard","meta":{"site-sidebar-layout":"default","site-content-layout":"default","ast-global-header-display":"","ast-banner-title-visibility":"","ast-main-header-display":"","ast-hfb-above-header-display":"","ast-hfb-below-header-display":"","ast-hfb-mobile-header-display":"","site-post-title":"","ast-breadcrumbs-content":"","ast-featured-img":"","footer-sml-layout":"","theme-transparent-header-meta":"default","adv-header-id-meta":"","stick-header-meta":"","header-above-stick-meta":"","header-main-stick-meta":"","header-below-stick-meta":"","footnotes":""},"categories":[7,64],"tags":[219,926],"class_list":["post-9727","post","type-post","status-publish","format-standard","has-post-thumbnail","hentry","category-cultura","category-isto-para-nos","tag-jazz","tag-paulo-gil"],"yoast_head":"<!-- This site is optimized with the Yoast SEO plugin v25.1 - https:\/\/yoast.com\/wordpress\/plugins\/seo\/ -->\n<title>Obra p\u00f3stuma. O Contador de Hist\u00f3rias, de Paulo Gil, na Comuna dia 31 de maio - Estado com Arte<\/title>\n<meta name=\"robots\" content=\"index, follow, max-snippet:-1, max-image-preview:large, max-video-preview:-1\" \/>\n<link rel=\"canonical\" href=\"https:\/\/estadocomarte.pt\/site\/2025\/05\/22\/obra-postuma-o-contador-de-historias-de-paulo-gil-na-comuna-dia-31-de-maio\/\" \/>\n<meta property=\"og:locale\" content=\"pt_PT\" \/>\n<meta property=\"og:type\" content=\"article\" \/>\n<meta property=\"og:title\" content=\"Obra p\u00f3stuma. O Contador de Hist\u00f3rias, de Paulo Gil, na Comuna dia 31 de maio - Estado com Arte\" \/>\n<meta property=\"og:description\" content=\"Estado com Arte Magazine\" \/>\n<meta property=\"og:url\" content=\"https:\/\/estadocomarte.pt\/site\/2025\/05\/22\/obra-postuma-o-contador-de-historias-de-paulo-gil-na-comuna-dia-31-de-maio\/\" \/>\n<meta property=\"og:site_name\" content=\"Estado com Arte\" \/>\n<meta property=\"article:published_time\" content=\"2025-05-22T10:11:56+00:00\" \/>\n<meta property=\"article:modified_time\" content=\"2025-05-22T10:13:26+00:00\" \/>\n<meta property=\"og:image\" content=\"https:\/\/estadocomarte.pt\/site\/wp-content\/uploads\/2025\/05\/foto_paulo_gil.webp\" \/>\n\t<meta property=\"og:image:width\" content=\"1377\" \/>\n\t<meta property=\"og:image:height\" content=\"796\" \/>\n\t<meta property=\"og:image:type\" content=\"image\/webp\" \/>\n<meta name=\"author\" content=\"admin\" \/>\n<meta name=\"twitter:card\" content=\"summary_large_image\" \/>\n<meta name=\"twitter:label1\" content=\"Escrito por\" \/>\n\t<meta name=\"twitter:data1\" content=\"admin\" \/>\n\t<meta name=\"twitter:label2\" content=\"Tempo estimado de leitura\" \/>\n\t<meta name=\"twitter:data2\" content=\"3 minutos\" \/>\n<script type=\"application\/ld+json\" class=\"yoast-schema-graph\">{\"@context\":\"https:\/\/schema.org\",\"@graph\":[{\"@type\":\"Article\",\"@id\":\"https:\/\/estadocomarte.pt\/site\/2025\/05\/22\/obra-postuma-o-contador-de-historias-de-paulo-gil-na-comuna-dia-31-de-maio\/#article\",\"isPartOf\":{\"@id\":\"https:\/\/estadocomarte.pt\/site\/2025\/05\/22\/obra-postuma-o-contador-de-historias-de-paulo-gil-na-comuna-dia-31-de-maio\/\"},\"author\":{\"name\":\"admin\",\"@id\":\"https:\/\/estadocomarte.pt\/site\/#\/schema\/person\/c0943a071216c1e5b21f85304151e4ba\"},\"headline\":\"Obra p\u00f3stuma. O Contador de Hist\u00f3rias, de Paulo Gil, na Comuna dia 31 de maio\",\"datePublished\":\"2025-05-22T10:11:56+00:00\",\"dateModified\":\"2025-05-22T10:13:26+00:00\",\"mainEntityOfPage\":{\"@id\":\"https:\/\/estadocomarte.pt\/site\/2025\/05\/22\/obra-postuma-o-contador-de-historias-de-paulo-gil-na-comuna-dia-31-de-maio\/\"},\"wordCount\":390,\"commentCount\":0,\"publisher\":{\"@id\":\"https:\/\/estadocomarte.pt\/site\/#organization\"},\"image\":{\"@id\":\"https:\/\/estadocomarte.pt\/site\/2025\/05\/22\/obra-postuma-o-contador-de-historias-de-paulo-gil-na-comuna-dia-31-de-maio\/#primaryimage\"},\"thumbnailUrl\":\"https:\/\/estadocomarte.pt\/site\/wp-content\/uploads\/2025\/05\/foto_paulo_gil.webp\",\"keywords\":[\"jazz\",\"Paulo gil\"],\"articleSection\":[\"Cultura\",\"Isto Para N\u00f3s\"],\"inLanguage\":\"pt-PT\",\"potentialAction\":[{\"@type\":\"CommentAction\",\"name\":\"Comment\",\"target\":[\"https:\/\/estadocomarte.pt\/site\/2025\/05\/22\/obra-postuma-o-contador-de-historias-de-paulo-gil-na-comuna-dia-31-de-maio\/#respond\"]}]},{\"@type\":\"WebPage\",\"@id\":\"https:\/\/estadocomarte.pt\/site\/2025\/05\/22\/obra-postuma-o-contador-de-historias-de-paulo-gil-na-comuna-dia-31-de-maio\/\",\"url\":\"https:\/\/estadocomarte.pt\/site\/2025\/05\/22\/obra-postuma-o-contador-de-historias-de-paulo-gil-na-comuna-dia-31-de-maio\/\",\"name\":\"Obra p\u00f3stuma. O Contador de Hist\u00f3rias, de Paulo Gil, na Comuna dia 31 de maio - Estado com Arte\",\"isPartOf\":{\"@id\":\"https:\/\/estadocomarte.pt\/site\/#website\"},\"primaryImageOfPage\":{\"@id\":\"https:\/\/estadocomarte.pt\/site\/2025\/05\/22\/obra-postuma-o-contador-de-historias-de-paulo-gil-na-comuna-dia-31-de-maio\/#primaryimage\"},\"image\":{\"@id\":\"https:\/\/estadocomarte.pt\/site\/2025\/05\/22\/obra-postuma-o-contador-de-historias-de-paulo-gil-na-comuna-dia-31-de-maio\/#primaryimage\"},\"thumbnailUrl\":\"https:\/\/estadocomarte.pt\/site\/wp-content\/uploads\/2025\/05\/foto_paulo_gil.webp\",\"datePublished\":\"2025-05-22T10:11:56+00:00\",\"dateModified\":\"2025-05-22T10:13:26+00:00\",\"breadcrumb\":{\"@id\":\"https:\/\/estadocomarte.pt\/site\/2025\/05\/22\/obra-postuma-o-contador-de-historias-de-paulo-gil-na-comuna-dia-31-de-maio\/#breadcrumb\"},\"inLanguage\":\"pt-PT\",\"potentialAction\":[{\"@type\":\"ReadAction\",\"target\":[\"https:\/\/estadocomarte.pt\/site\/2025\/05\/22\/obra-postuma-o-contador-de-historias-de-paulo-gil-na-comuna-dia-31-de-maio\/\"]}]},{\"@type\":\"ImageObject\",\"inLanguage\":\"pt-PT\",\"@id\":\"https:\/\/estadocomarte.pt\/site\/2025\/05\/22\/obra-postuma-o-contador-de-historias-de-paulo-gil-na-comuna-dia-31-de-maio\/#primaryimage\",\"url\":\"https:\/\/estadocomarte.pt\/site\/wp-content\/uploads\/2025\/05\/foto_paulo_gil.webp\",\"contentUrl\":\"https:\/\/estadocomarte.pt\/site\/wp-content\/uploads\/2025\/05\/foto_paulo_gil.webp\",\"width\":1377,\"height\":796},{\"@type\":\"BreadcrumbList\",\"@id\":\"https:\/\/estadocomarte.pt\/site\/2025\/05\/22\/obra-postuma-o-contador-de-historias-de-paulo-gil-na-comuna-dia-31-de-maio\/#breadcrumb\",\"itemListElement\":[{\"@type\":\"ListItem\",\"position\":1,\"name\":\"In\u00edcio\",\"item\":\"https:\/\/estadocomarte.pt\/site\/\"},{\"@type\":\"ListItem\",\"position\":2,\"name\":\"Obra p\u00f3stuma. O Contador de Hist\u00f3rias, de Paulo Gil, na Comuna dia 31 de maio\"}]},{\"@type\":\"WebSite\",\"@id\":\"https:\/\/estadocomarte.pt\/site\/#website\",\"url\":\"https:\/\/estadocomarte.pt\/site\/\",\"name\":\"Estado com Arte Magazine\",\"description\":\"Magazine\",\"publisher\":{\"@id\":\"https:\/\/estadocomarte.pt\/site\/#organization\"},\"alternateName\":\"Magazine semanal sobre pol\u00edtica e cultura, com autores, opini\u00e3o e cr\u00edticas.\",\"potentialAction\":[{\"@type\":\"SearchAction\",\"target\":{\"@type\":\"EntryPoint\",\"urlTemplate\":\"https:\/\/estadocomarte.pt\/site\/?s={search_term_string}\"},\"query-input\":{\"@type\":\"PropertyValueSpecification\",\"valueRequired\":true,\"valueName\":\"search_term_string\"}}],\"inLanguage\":\"pt-PT\"},{\"@type\":\"Organization\",\"@id\":\"https:\/\/estadocomarte.pt\/site\/#organization\",\"name\":\"Estado com Arte Magazine\",\"alternateName\":\"Magazine semanal sobre pol\u00edtica e cultura, com autores, opini\u00e3o e cr\u00edticas.\",\"url\":\"https:\/\/estadocomarte.pt\/site\/\",\"logo\":{\"@type\":\"ImageObject\",\"inLanguage\":\"pt-PT\",\"@id\":\"https:\/\/estadocomarte.pt\/site\/#\/schema\/logo\/image\/\",\"url\":\"https:\/\/estadocomarte.pt\/site\/wp-content\/uploads\/2023\/06\/cropped-cropped-Prancheta-2@2x-100.jpg\",\"contentUrl\":\"https:\/\/estadocomarte.pt\/site\/wp-content\/uploads\/2023\/06\/cropped-cropped-Prancheta-2@2x-100.jpg\",\"width\":1777,\"height\":592,\"caption\":\"Estado com Arte Magazine\"},\"image\":{\"@id\":\"https:\/\/estadocomarte.pt\/site\/#\/schema\/logo\/image\/\"},\"sameAs\":[\"https:\/\/www.instagram.com\/estadocomartemagazine\"]},{\"@type\":\"Person\",\"@id\":\"https:\/\/estadocomarte.pt\/site\/#\/schema\/person\/c0943a071216c1e5b21f85304151e4ba\",\"name\":\"admin\",\"image\":{\"@type\":\"ImageObject\",\"inLanguage\":\"pt-PT\",\"@id\":\"https:\/\/estadocomarte.pt\/site\/#\/schema\/person\/image\/\",\"url\":\"https:\/\/secure.gravatar.com\/avatar\/e6f378fd6914c8505d3e1d40f51fa953b21bab0f3a5658a33bc84cb5bda780f9?s=96&d=mm&r=g\",\"contentUrl\":\"https:\/\/secure.gravatar.com\/avatar\/e6f378fd6914c8505d3e1d40f51fa953b21bab0f3a5658a33bc84cb5bda780f9?s=96&d=mm&r=g\",\"caption\":\"admin\"},\"sameAs\":[\"https:\/\/estadocomarte.pt\/site\"],\"url\":\"https:\/\/estadocomarte.pt\/site\/author\/admin\/\"}]}<\/script>\n<!-- \/ Yoast SEO plugin. -->","yoast_head_json":{"title":"Obra p\u00f3stuma. O Contador de Hist\u00f3rias, de Paulo Gil, na Comuna dia 31 de maio - Estado com Arte","robots":{"index":"index","follow":"follow","max-snippet":"max-snippet:-1","max-image-preview":"max-image-preview:large","max-video-preview":"max-video-preview:-1"},"canonical":"https:\/\/estadocomarte.pt\/site\/2025\/05\/22\/obra-postuma-o-contador-de-historias-de-paulo-gil-na-comuna-dia-31-de-maio\/","og_locale":"pt_PT","og_type":"article","og_title":"Obra p\u00f3stuma. O Contador de Hist\u00f3rias, de Paulo Gil, na Comuna dia 31 de maio - Estado com Arte","og_description":"Estado com Arte Magazine","og_url":"https:\/\/estadocomarte.pt\/site\/2025\/05\/22\/obra-postuma-o-contador-de-historias-de-paulo-gil-na-comuna-dia-31-de-maio\/","og_site_name":"Estado com Arte","article_published_time":"2025-05-22T10:11:56+00:00","article_modified_time":"2025-05-22T10:13:26+00:00","og_image":[{"width":1377,"height":796,"url":"https:\/\/estadocomarte.pt\/site\/wp-content\/uploads\/2025\/05\/foto_paulo_gil.webp","type":"image\/webp"}],"author":"admin","twitter_card":"summary_large_image","twitter_misc":{"Escrito por":"admin","Tempo estimado de leitura":"3 minutos"},"schema":{"@context":"https:\/\/schema.org","@graph":[{"@type":"Article","@id":"https:\/\/estadocomarte.pt\/site\/2025\/05\/22\/obra-postuma-o-contador-de-historias-de-paulo-gil-na-comuna-dia-31-de-maio\/#article","isPartOf":{"@id":"https:\/\/estadocomarte.pt\/site\/2025\/05\/22\/obra-postuma-o-contador-de-historias-de-paulo-gil-na-comuna-dia-31-de-maio\/"},"author":{"name":"admin","@id":"https:\/\/estadocomarte.pt\/site\/#\/schema\/person\/c0943a071216c1e5b21f85304151e4ba"},"headline":"Obra p\u00f3stuma. O Contador de Hist\u00f3rias, de Paulo Gil, na Comuna dia 31 de maio","datePublished":"2025-05-22T10:11:56+00:00","dateModified":"2025-05-22T10:13:26+00:00","mainEntityOfPage":{"@id":"https:\/\/estadocomarte.pt\/site\/2025\/05\/22\/obra-postuma-o-contador-de-historias-de-paulo-gil-na-comuna-dia-31-de-maio\/"},"wordCount":390,"commentCount":0,"publisher":{"@id":"https:\/\/estadocomarte.pt\/site\/#organization"},"image":{"@id":"https:\/\/estadocomarte.pt\/site\/2025\/05\/22\/obra-postuma-o-contador-de-historias-de-paulo-gil-na-comuna-dia-31-de-maio\/#primaryimage"},"thumbnailUrl":"https:\/\/estadocomarte.pt\/site\/wp-content\/uploads\/2025\/05\/foto_paulo_gil.webp","keywords":["jazz","Paulo gil"],"articleSection":["Cultura","Isto Para N\u00f3s"],"inLanguage":"pt-PT","potentialAction":[{"@type":"CommentAction","name":"Comment","target":["https:\/\/estadocomarte.pt\/site\/2025\/05\/22\/obra-postuma-o-contador-de-historias-de-paulo-gil-na-comuna-dia-31-de-maio\/#respond"]}]},{"@type":"WebPage","@id":"https:\/\/estadocomarte.pt\/site\/2025\/05\/22\/obra-postuma-o-contador-de-historias-de-paulo-gil-na-comuna-dia-31-de-maio\/","url":"https:\/\/estadocomarte.pt\/site\/2025\/05\/22\/obra-postuma-o-contador-de-historias-de-paulo-gil-na-comuna-dia-31-de-maio\/","name":"Obra p\u00f3stuma. O Contador de Hist\u00f3rias, de Paulo Gil, na Comuna dia 31 de maio - Estado com Arte","isPartOf":{"@id":"https:\/\/estadocomarte.pt\/site\/#website"},"primaryImageOfPage":{"@id":"https:\/\/estadocomarte.pt\/site\/2025\/05\/22\/obra-postuma-o-contador-de-historias-de-paulo-gil-na-comuna-dia-31-de-maio\/#primaryimage"},"image":{"@id":"https:\/\/estadocomarte.pt\/site\/2025\/05\/22\/obra-postuma-o-contador-de-historias-de-paulo-gil-na-comuna-dia-31-de-maio\/#primaryimage"},"thumbnailUrl":"https:\/\/estadocomarte.pt\/site\/wp-content\/uploads\/2025\/05\/foto_paulo_gil.webp","datePublished":"2025-05-22T10:11:56+00:00","dateModified":"2025-05-22T10:13:26+00:00","breadcrumb":{"@id":"https:\/\/estadocomarte.pt\/site\/2025\/05\/22\/obra-postuma-o-contador-de-historias-de-paulo-gil-na-comuna-dia-31-de-maio\/#breadcrumb"},"inLanguage":"pt-PT","potentialAction":[{"@type":"ReadAction","target":["https:\/\/estadocomarte.pt\/site\/2025\/05\/22\/obra-postuma-o-contador-de-historias-de-paulo-gil-na-comuna-dia-31-de-maio\/"]}]},{"@type":"ImageObject","inLanguage":"pt-PT","@id":"https:\/\/estadocomarte.pt\/site\/2025\/05\/22\/obra-postuma-o-contador-de-historias-de-paulo-gil-na-comuna-dia-31-de-maio\/#primaryimage","url":"https:\/\/estadocomarte.pt\/site\/wp-content\/uploads\/2025\/05\/foto_paulo_gil.webp","contentUrl":"https:\/\/estadocomarte.pt\/site\/wp-content\/uploads\/2025\/05\/foto_paulo_gil.webp","width":1377,"height":796},{"@type":"BreadcrumbList","@id":"https:\/\/estadocomarte.pt\/site\/2025\/05\/22\/obra-postuma-o-contador-de-historias-de-paulo-gil-na-comuna-dia-31-de-maio\/#breadcrumb","itemListElement":[{"@type":"ListItem","position":1,"name":"In\u00edcio","item":"https:\/\/estadocomarte.pt\/site\/"},{"@type":"ListItem","position":2,"name":"Obra p\u00f3stuma. O Contador de Hist\u00f3rias, de Paulo Gil, na Comuna dia 31 de maio"}]},{"@type":"WebSite","@id":"https:\/\/estadocomarte.pt\/site\/#website","url":"https:\/\/estadocomarte.pt\/site\/","name":"Estado com Arte Magazine","description":"Magazine","publisher":{"@id":"https:\/\/estadocomarte.pt\/site\/#organization"},"alternateName":"Magazine semanal sobre pol\u00edtica e cultura, com autores, opini\u00e3o e cr\u00edticas.","potentialAction":[{"@type":"SearchAction","target":{"@type":"EntryPoint","urlTemplate":"https:\/\/estadocomarte.pt\/site\/?s={search_term_string}"},"query-input":{"@type":"PropertyValueSpecification","valueRequired":true,"valueName":"search_term_string"}}],"inLanguage":"pt-PT"},{"@type":"Organization","@id":"https:\/\/estadocomarte.pt\/site\/#organization","name":"Estado com Arte Magazine","alternateName":"Magazine semanal sobre pol\u00edtica e cultura, com autores, opini\u00e3o e cr\u00edticas.","url":"https:\/\/estadocomarte.pt\/site\/","logo":{"@type":"ImageObject","inLanguage":"pt-PT","@id":"https:\/\/estadocomarte.pt\/site\/#\/schema\/logo\/image\/","url":"https:\/\/estadocomarte.pt\/site\/wp-content\/uploads\/2023\/06\/cropped-cropped-Prancheta-2@2x-100.jpg","contentUrl":"https:\/\/estadocomarte.pt\/site\/wp-content\/uploads\/2023\/06\/cropped-cropped-Prancheta-2@2x-100.jpg","width":1777,"height":592,"caption":"Estado com Arte Magazine"},"image":{"@id":"https:\/\/estadocomarte.pt\/site\/#\/schema\/logo\/image\/"},"sameAs":["https:\/\/www.instagram.com\/estadocomartemagazine"]},{"@type":"Person","@id":"https:\/\/estadocomarte.pt\/site\/#\/schema\/person\/c0943a071216c1e5b21f85304151e4ba","name":"admin","image":{"@type":"ImageObject","inLanguage":"pt-PT","@id":"https:\/\/estadocomarte.pt\/site\/#\/schema\/person\/image\/","url":"https:\/\/secure.gravatar.com\/avatar\/e6f378fd6914c8505d3e1d40f51fa953b21bab0f3a5658a33bc84cb5bda780f9?s=96&d=mm&r=g","contentUrl":"https:\/\/secure.gravatar.com\/avatar\/e6f378fd6914c8505d3e1d40f51fa953b21bab0f3a5658a33bc84cb5bda780f9?s=96&d=mm&r=g","caption":"admin"},"sameAs":["https:\/\/estadocomarte.pt\/site"],"url":"https:\/\/estadocomarte.pt\/site\/author\/admin\/"}]}},"_links":{"self":[{"href":"https:\/\/estadocomarte.pt\/site\/wp-json\/wp\/v2\/posts\/9727","targetHints":{"allow":["GET"]}}],"collection":[{"href":"https:\/\/estadocomarte.pt\/site\/wp-json\/wp\/v2\/posts"}],"about":[{"href":"https:\/\/estadocomarte.pt\/site\/wp-json\/wp\/v2\/types\/post"}],"author":[{"embeddable":true,"href":"https:\/\/estadocomarte.pt\/site\/wp-json\/wp\/v2\/users\/1"}],"replies":[{"embeddable":true,"href":"https:\/\/estadocomarte.pt\/site\/wp-json\/wp\/v2\/comments?post=9727"}],"version-history":[{"count":3,"href":"https:\/\/estadocomarte.pt\/site\/wp-json\/wp\/v2\/posts\/9727\/revisions"}],"predecessor-version":[{"id":9732,"href":"https:\/\/estadocomarte.pt\/site\/wp-json\/wp\/v2\/posts\/9727\/revisions\/9732"}],"wp:featuredmedia":[{"embeddable":true,"href":"https:\/\/estadocomarte.pt\/site\/wp-json\/wp\/v2\/media\/9729"}],"wp:attachment":[{"href":"https:\/\/estadocomarte.pt\/site\/wp-json\/wp\/v2\/media?parent=9727"}],"wp:term":[{"taxonomy":"category","embeddable":true,"href":"https:\/\/estadocomarte.pt\/site\/wp-json\/wp\/v2\/categories?post=9727"},{"taxonomy":"post_tag","embeddable":true,"href":"https:\/\/estadocomarte.pt\/site\/wp-json\/wp\/v2\/tags?post=9727"}],"curies":[{"name":"wp","href":"https:\/\/api.w.org\/{rel}","templated":true}]}}