{"id":9733,"date":"2025-05-22T10:45:18","date_gmt":"2025-05-22T10:45:18","guid":{"rendered":"https:\/\/estadocomarte.pt\/site\/?p=9733"},"modified":"2025-05-30T09:14:05","modified_gmt":"2025-05-30T09:14:05","slug":"trump-enfrenta-complexidades-politicas-no-medio-oriente-e-na-russia","status":"publish","type":"post","link":"https:\/\/estadocomarte.pt\/site\/2025\/05\/22\/trump-enfrenta-complexidades-politicas-no-medio-oriente-e-na-russia\/","title":{"rendered":"Trump enfrenta complexidades pol\u00edticas no M\u00e9dio Oriente  e na R\u00fassia"},"content":{"rendered":"<p><strong>No Oriente M\u00e9dio, o timing continua crucial na avalia\u00e7\u00e3o dos resultados das a\u00e7\u00f5es americanas. Embora Washington, por exemplo, tenha conseguido encerrar rapidamente o conflito militar entre a \u00cdndia e o Paquist\u00e3o, ainda n\u00e3o \u00e9 claro sobre outras quest\u00f5es, incluindo o conflito em curso na Faixa de Gaza entre Israel e o Hamas, que j\u00e1 custou milhares de vidas, incluindo mulheres e crian\u00e7as.<\/strong><\/p>\n<p>At\u00e9 o momento, Trump ainda n\u00e3o decidiu, nem expressou uma posi\u00e7\u00e3o clara sobre o conflito. O que pode ter levado a uma rutura diplom\u00e1tica entre Trump e o presidente eg\u00edpcio Abdel Fattah el-Sisi, um aliado-chave dos Estados Unidos na regi\u00e3o. O que pode ter levado Cairo a enviar sinais importantes por meio de exerc\u00edcios militares conjuntos entre os ex\u00e9rcitos eg\u00edpcio e chin\u00eas, que t\u00eam s\u00e9rias implica\u00e7\u00f5es, visto que est\u00e3o ocorrendo pela primeira vez entre dois ex\u00e9rcitos, um dos quais \u00e9 aliado dos Estados Unidos e o outro, um feroz concorrente de Washington.<\/p>\n<p>Esta pol\u00edtica amb\u00edgua dos EUA em rela\u00e7\u00e3o a alguns dos aliados de Washington no Oriente M\u00e9dio pode afetar o formato futuro dessas alian\u00e7as. A incapacidade de Washington de apresentar uma posi\u00e7\u00e3o clara sobre o conflito na Faixa de Gaza pode levar a confrontos militares entre Egito e Israel, e pode at\u00e9 amea\u00e7ar anular o acordo de paz entre Cairo e Tel Aviv, que existe desde 1979 e \u00e9 um pilar fundamental dos Acordos de Abra\u00e3o, com os quais Trump conta para mudar a face do Oriente M\u00e9dio, que vem testemunhando conflitos cont\u00ednuos desde 1948.<\/p>\n<p>O atraso na resolu\u00e7\u00e3o desta crise tem um impacto negativo na paz mundial e no com\u00e9rcio internacional, uma vez que amea\u00e7a a rota mar\u00edtima mais importante do mundo, o Canal de Suez. No entanto, isso n\u00e3o impede Trump, com o apoio do pr\u00edncipe herdeiro saudita Mohammed bin Salman, de conseguir suspender as san\u00e7\u00f5es \u00e0 S\u00edria, uma posi\u00e7\u00e3o que recebeu ampla aclama\u00e7\u00e3o popular e diplom\u00e1tica no Oriente M\u00e9dio.<\/p>\n<p>No entanto, o fracasso em alcan\u00e7ar resultados semelhantes noutras crises na regi\u00e3o, como a crise de Gaza, a mil\u00edcia Houthi no Iemen e o conflito em curso no Sud\u00e3o, coloca os EUA numa posi\u00e7\u00e3o dif\u00edcil, especialmente porque essas quest\u00f5es representam uma prioridade m\u00e1xima para as principais pot\u00eancias da regi\u00e3o, como Egito e Ar\u00e1bia Saudita.<\/p>\n<p>O mesmo se aplica ao conflito russo-ucraniano, que \u00e9 uma prioridade para o aliado europeu dos Estados Unidos e tamb\u00e9m uma quest\u00e3o importante para os pa\u00edses do Oriente M\u00e9dio. Impacta negativamente o mercado global de petr\u00f3leo, um fator particularmente importante para os pa\u00edses do Golfo. Tamb\u00e9m afeta a seguran\u00e7a alimentar de um pa\u00eds como o Egito, que tem dependido fortemente do trigo ucraniano para preencher a lacuna entre sua produ\u00e7\u00e3o e as necessidades do mercado interno. Portanto, h\u00e1 insatisfa\u00e7\u00e3o com a pol\u00edtica de Trump devido \u00e0 lentid\u00e3o na resolu\u00e7\u00e3o dessa quest\u00e3o.<\/p>\n<p>Pode representar uma mudan\u00e7a na posi\u00e7\u00e3o de Trump, ap\u00f3s suas amea\u00e7as em abril passado sobre a possibilidade de impor novas san\u00e7\u00f5es banc\u00e1rias \u00e0 R\u00fassia, argumentando que Putin poderia n\u00e3o querer interromper a guerra e que deveria ser tratado de forma diferente. No entanto, nada de concreto aconteceu no terreno, e Trump retornou ao c\u00edrculo cada vez mais complexo de Putin.<\/p>\n<p>Esta situa\u00e7\u00e3o pode t\u00ea-lo levado a amea\u00e7ar retirar o seu papel de mediador no processo de paz entre a R\u00fassia e a Ucr\u00e2nia. Os ucranianos, por seu lado, tamb\u00e9m est\u00e3o insatisfeitos com a interven\u00e7\u00e3o de Trump no conflito com a R\u00fassia sem um mediador europeu. O presidente ucraniano Volodymyr Zelensky expressou isso mesmo na \u00faltima segunda-feira, ap\u00f3s dois telefonemas com Trump. Zelensky afirmou que o processo de negocia\u00e7\u00e3o deve incluir representantes americanos e europeus no n\u00edvel apropriado. Essa insatisfa\u00e7\u00e3o n\u00e3o se limita \u00e0 Ucr\u00e2nia; tamb\u00e9m pode ser sentida entre muitos aliados americanos, como o Egito e pa\u00edses europeus.<\/p>\n<p>Finalmente, a falta de qualquer progresso tang\u00edvel na interven\u00e7\u00e3o de Trump nas negocia\u00e7\u00f5es entre Israel e o Hamas, a mil\u00edcia Houthi no Iemen e o processo de paz entre a R\u00fassia e a Ucr\u00e2nia demonstra como colide com dimens\u00f5es pol\u00edticas extremamente complexas.<\/p>\n","protected":false},"excerpt":{"rendered":"<p>Yasser El-Shazly,<br \/>\nJornalista eg\u00edpcio especialista em assuntos de M\u00e9dio Oriente,<br \/>\nCorrespondente em Lisboa.<\/p>\n","protected":false},"author":1,"featured_media":9734,"comment_status":"open","ping_status":"open","sticky":false,"template":"","format":"standard","meta":{"site-sidebar-layout":"default","site-content-layout":"default","ast-global-header-display":"","ast-banner-title-visibility":"","ast-main-header-display":"","ast-hfb-above-header-display":"","ast-hfb-below-header-display":"","ast-hfb-mobile-header-display":"","site-post-title":"","ast-breadcrumbs-content":"","ast-featured-img":"","footer-sml-layout":"","theme-transparent-header-meta":"default","adv-header-id-meta":"","stick-header-meta":"","header-above-stick-meta":"","header-main-stick-meta":"","header-below-stick-meta":"","footnotes":""},"categories":[4],"tags":[928,575,927,380,723],"class_list":["post-9733","post","type-post","status-publish","format-standard","has-post-thumbnail","hentry","category-politica","tag-egipto","tag-medio-oriente","tag-russia","tag-trump","tag-ucrania"],"yoast_head":"<!-- This site is optimized with the Yoast SEO plugin v25.1 - https:\/\/yoast.com\/wordpress\/plugins\/seo\/ -->\n<title>Trump enfrenta complexidades pol\u00edticas no M\u00e9dio Oriente e na R\u00fassia - Estado com Arte<\/title>\n<meta name=\"robots\" content=\"index, follow, max-snippet:-1, max-image-preview:large, max-video-preview:-1\" \/>\n<link rel=\"canonical\" href=\"https:\/\/estadocomarte.pt\/site\/2025\/05\/22\/trump-enfrenta-complexidades-politicas-no-medio-oriente-e-na-russia\/\" \/>\n<meta property=\"og:locale\" content=\"pt_PT\" \/>\n<meta property=\"og:type\" content=\"article\" \/>\n<meta property=\"og:title\" content=\"Trump enfrenta complexidades pol\u00edticas no M\u00e9dio Oriente e na R\u00fassia - Estado com Arte\" \/>\n<meta property=\"og:description\" content=\"Yasser El-Shazly, Jornalista eg\u00edpcio especialista em assuntos de M\u00e9dio Oriente, Correspondente em Lisboa.\" \/>\n<meta property=\"og:url\" content=\"https:\/\/estadocomarte.pt\/site\/2025\/05\/22\/trump-enfrenta-complexidades-politicas-no-medio-oriente-e-na-russia\/\" \/>\n<meta property=\"og:site_name\" content=\"Estado com Arte\" \/>\n<meta property=\"article:published_time\" content=\"2025-05-22T10:45:18+00:00\" \/>\n<meta property=\"article:modified_time\" content=\"2025-05-30T09:14:05+00:00\" \/>\n<meta property=\"og:image\" content=\"https:\/\/estadocomarte.pt\/site\/wp-content\/uploads\/2025\/05\/trump.jpg\" \/>\n\t<meta property=\"og:image:width\" content=\"670\" \/>\n\t<meta property=\"og:image:height\" content=\"446\" \/>\n\t<meta property=\"og:image:type\" content=\"image\/jpeg\" \/>\n<meta name=\"author\" content=\"admin\" \/>\n<meta name=\"twitter:card\" content=\"summary_large_image\" \/>\n<meta name=\"twitter:label1\" content=\"Escrito por\" \/>\n\t<meta name=\"twitter:data1\" content=\"admin\" \/>\n\t<meta name=\"twitter:label2\" content=\"Tempo estimado de leitura\" \/>\n\t<meta name=\"twitter:data2\" content=\"4 minutos\" \/>\n<script type=\"application\/ld+json\" class=\"yoast-schema-graph\">{\"@context\":\"https:\/\/schema.org\",\"@graph\":[{\"@type\":\"Article\",\"@id\":\"https:\/\/estadocomarte.pt\/site\/2025\/05\/22\/trump-enfrenta-complexidades-politicas-no-medio-oriente-e-na-russia\/#article\",\"isPartOf\":{\"@id\":\"https:\/\/estadocomarte.pt\/site\/2025\/05\/22\/trump-enfrenta-complexidades-politicas-no-medio-oriente-e-na-russia\/\"},\"author\":{\"name\":\"admin\",\"@id\":\"https:\/\/estadocomarte.pt\/site\/#\/schema\/person\/c0943a071216c1e5b21f85304151e4ba\"},\"headline\":\"Trump enfrenta complexidades pol\u00edticas no M\u00e9dio Oriente e na R\u00fassia\",\"datePublished\":\"2025-05-22T10:45:18+00:00\",\"dateModified\":\"2025-05-30T09:14:05+00:00\",\"mainEntityOfPage\":{\"@id\":\"https:\/\/estadocomarte.pt\/site\/2025\/05\/22\/trump-enfrenta-complexidades-politicas-no-medio-oriente-e-na-russia\/\"},\"wordCount\":766,\"commentCount\":0,\"publisher\":{\"@id\":\"https:\/\/estadocomarte.pt\/site\/#organization\"},\"image\":{\"@id\":\"https:\/\/estadocomarte.pt\/site\/2025\/05\/22\/trump-enfrenta-complexidades-politicas-no-medio-oriente-e-na-russia\/#primaryimage\"},\"thumbnailUrl\":\"https:\/\/estadocomarte.pt\/site\/wp-content\/uploads\/2025\/05\/trump.jpg\",\"keywords\":[\"egipto\",\"M\u00e9dio Oriente\",\"russia\",\"TRump\",\"ucrania\"],\"articleSection\":[\"Pol\u00edtica\"],\"inLanguage\":\"pt-PT\",\"potentialAction\":[{\"@type\":\"CommentAction\",\"name\":\"Comment\",\"target\":[\"https:\/\/estadocomarte.pt\/site\/2025\/05\/22\/trump-enfrenta-complexidades-politicas-no-medio-oriente-e-na-russia\/#respond\"]}]},{\"@type\":\"WebPage\",\"@id\":\"https:\/\/estadocomarte.pt\/site\/2025\/05\/22\/trump-enfrenta-complexidades-politicas-no-medio-oriente-e-na-russia\/\",\"url\":\"https:\/\/estadocomarte.pt\/site\/2025\/05\/22\/trump-enfrenta-complexidades-politicas-no-medio-oriente-e-na-russia\/\",\"name\":\"Trump enfrenta complexidades pol\u00edticas no M\u00e9dio Oriente e na R\u00fassia - Estado com Arte\",\"isPartOf\":{\"@id\":\"https:\/\/estadocomarte.pt\/site\/#website\"},\"primaryImageOfPage\":{\"@id\":\"https:\/\/estadocomarte.pt\/site\/2025\/05\/22\/trump-enfrenta-complexidades-politicas-no-medio-oriente-e-na-russia\/#primaryimage\"},\"image\":{\"@id\":\"https:\/\/estadocomarte.pt\/site\/2025\/05\/22\/trump-enfrenta-complexidades-politicas-no-medio-oriente-e-na-russia\/#primaryimage\"},\"thumbnailUrl\":\"https:\/\/estadocomarte.pt\/site\/wp-content\/uploads\/2025\/05\/trump.jpg\",\"datePublished\":\"2025-05-22T10:45:18+00:00\",\"dateModified\":\"2025-05-30T09:14:05+00:00\",\"breadcrumb\":{\"@id\":\"https:\/\/estadocomarte.pt\/site\/2025\/05\/22\/trump-enfrenta-complexidades-politicas-no-medio-oriente-e-na-russia\/#breadcrumb\"},\"inLanguage\":\"pt-PT\",\"potentialAction\":[{\"@type\":\"ReadAction\",\"target\":[\"https:\/\/estadocomarte.pt\/site\/2025\/05\/22\/trump-enfrenta-complexidades-politicas-no-medio-oriente-e-na-russia\/\"]}]},{\"@type\":\"ImageObject\",\"inLanguage\":\"pt-PT\",\"@id\":\"https:\/\/estadocomarte.pt\/site\/2025\/05\/22\/trump-enfrenta-complexidades-politicas-no-medio-oriente-e-na-russia\/#primaryimage\",\"url\":\"https:\/\/estadocomarte.pt\/site\/wp-content\/uploads\/2025\/05\/trump.jpg\",\"contentUrl\":\"https:\/\/estadocomarte.pt\/site\/wp-content\/uploads\/2025\/05\/trump.jpg\",\"width\":670,\"height\":446},{\"@type\":\"BreadcrumbList\",\"@id\":\"https:\/\/estadocomarte.pt\/site\/2025\/05\/22\/trump-enfrenta-complexidades-politicas-no-medio-oriente-e-na-russia\/#breadcrumb\",\"itemListElement\":[{\"@type\":\"ListItem\",\"position\":1,\"name\":\"In\u00edcio\",\"item\":\"https:\/\/estadocomarte.pt\/site\/\"},{\"@type\":\"ListItem\",\"position\":2,\"name\":\"Trump enfrenta complexidades pol\u00edticas no M\u00e9dio Oriente e na R\u00fassia\"}]},{\"@type\":\"WebSite\",\"@id\":\"https:\/\/estadocomarte.pt\/site\/#website\",\"url\":\"https:\/\/estadocomarte.pt\/site\/\",\"name\":\"Estado com Arte Magazine\",\"description\":\"Magazine\",\"publisher\":{\"@id\":\"https:\/\/estadocomarte.pt\/site\/#organization\"},\"alternateName\":\"Magazine semanal sobre pol\u00edtica e cultura, com autores, opini\u00e3o e cr\u00edticas.\",\"potentialAction\":[{\"@type\":\"SearchAction\",\"target\":{\"@type\":\"EntryPoint\",\"urlTemplate\":\"https:\/\/estadocomarte.pt\/site\/?s={search_term_string}\"},\"query-input\":{\"@type\":\"PropertyValueSpecification\",\"valueRequired\":true,\"valueName\":\"search_term_string\"}}],\"inLanguage\":\"pt-PT\"},{\"@type\":\"Organization\",\"@id\":\"https:\/\/estadocomarte.pt\/site\/#organization\",\"name\":\"Estado com Arte Magazine\",\"alternateName\":\"Magazine semanal sobre pol\u00edtica e cultura, com autores, opini\u00e3o e cr\u00edticas.\",\"url\":\"https:\/\/estadocomarte.pt\/site\/\",\"logo\":{\"@type\":\"ImageObject\",\"inLanguage\":\"pt-PT\",\"@id\":\"https:\/\/estadocomarte.pt\/site\/#\/schema\/logo\/image\/\",\"url\":\"https:\/\/estadocomarte.pt\/site\/wp-content\/uploads\/2023\/06\/cropped-cropped-Prancheta-2@2x-100.jpg\",\"contentUrl\":\"https:\/\/estadocomarte.pt\/site\/wp-content\/uploads\/2023\/06\/cropped-cropped-Prancheta-2@2x-100.jpg\",\"width\":1777,\"height\":592,\"caption\":\"Estado com Arte Magazine\"},\"image\":{\"@id\":\"https:\/\/estadocomarte.pt\/site\/#\/schema\/logo\/image\/\"},\"sameAs\":[\"https:\/\/www.instagram.com\/estadocomartemagazine\"]},{\"@type\":\"Person\",\"@id\":\"https:\/\/estadocomarte.pt\/site\/#\/schema\/person\/c0943a071216c1e5b21f85304151e4ba\",\"name\":\"admin\",\"image\":{\"@type\":\"ImageObject\",\"inLanguage\":\"pt-PT\",\"@id\":\"https:\/\/estadocomarte.pt\/site\/#\/schema\/person\/image\/\",\"url\":\"https:\/\/secure.gravatar.com\/avatar\/e6f378fd6914c8505d3e1d40f51fa953b21bab0f3a5658a33bc84cb5bda780f9?s=96&d=mm&r=g\",\"contentUrl\":\"https:\/\/secure.gravatar.com\/avatar\/e6f378fd6914c8505d3e1d40f51fa953b21bab0f3a5658a33bc84cb5bda780f9?s=96&d=mm&r=g\",\"caption\":\"admin\"},\"sameAs\":[\"https:\/\/estadocomarte.pt\/site\"],\"url\":\"https:\/\/estadocomarte.pt\/site\/author\/admin\/\"}]}<\/script>\n<!-- \/ Yoast SEO plugin. -->","yoast_head_json":{"title":"Trump enfrenta complexidades pol\u00edticas no M\u00e9dio Oriente e na R\u00fassia - Estado com Arte","robots":{"index":"index","follow":"follow","max-snippet":"max-snippet:-1","max-image-preview":"max-image-preview:large","max-video-preview":"max-video-preview:-1"},"canonical":"https:\/\/estadocomarte.pt\/site\/2025\/05\/22\/trump-enfrenta-complexidades-politicas-no-medio-oriente-e-na-russia\/","og_locale":"pt_PT","og_type":"article","og_title":"Trump enfrenta complexidades pol\u00edticas no M\u00e9dio Oriente e na R\u00fassia - Estado com Arte","og_description":"Yasser El-Shazly, Jornalista eg\u00edpcio especialista em assuntos de M\u00e9dio Oriente, Correspondente em Lisboa.","og_url":"https:\/\/estadocomarte.pt\/site\/2025\/05\/22\/trump-enfrenta-complexidades-politicas-no-medio-oriente-e-na-russia\/","og_site_name":"Estado com Arte","article_published_time":"2025-05-22T10:45:18+00:00","article_modified_time":"2025-05-30T09:14:05+00:00","og_image":[{"width":670,"height":446,"url":"https:\/\/estadocomarte.pt\/site\/wp-content\/uploads\/2025\/05\/trump.jpg","type":"image\/jpeg"}],"author":"admin","twitter_card":"summary_large_image","twitter_misc":{"Escrito por":"admin","Tempo estimado de leitura":"4 minutos"},"schema":{"@context":"https:\/\/schema.org","@graph":[{"@type":"Article","@id":"https:\/\/estadocomarte.pt\/site\/2025\/05\/22\/trump-enfrenta-complexidades-politicas-no-medio-oriente-e-na-russia\/#article","isPartOf":{"@id":"https:\/\/estadocomarte.pt\/site\/2025\/05\/22\/trump-enfrenta-complexidades-politicas-no-medio-oriente-e-na-russia\/"},"author":{"name":"admin","@id":"https:\/\/estadocomarte.pt\/site\/#\/schema\/person\/c0943a071216c1e5b21f85304151e4ba"},"headline":"Trump enfrenta complexidades pol\u00edticas no M\u00e9dio Oriente e na R\u00fassia","datePublished":"2025-05-22T10:45:18+00:00","dateModified":"2025-05-30T09:14:05+00:00","mainEntityOfPage":{"@id":"https:\/\/estadocomarte.pt\/site\/2025\/05\/22\/trump-enfrenta-complexidades-politicas-no-medio-oriente-e-na-russia\/"},"wordCount":766,"commentCount":0,"publisher":{"@id":"https:\/\/estadocomarte.pt\/site\/#organization"},"image":{"@id":"https:\/\/estadocomarte.pt\/site\/2025\/05\/22\/trump-enfrenta-complexidades-politicas-no-medio-oriente-e-na-russia\/#primaryimage"},"thumbnailUrl":"https:\/\/estadocomarte.pt\/site\/wp-content\/uploads\/2025\/05\/trump.jpg","keywords":["egipto","M\u00e9dio Oriente","russia","TRump","ucrania"],"articleSection":["Pol\u00edtica"],"inLanguage":"pt-PT","potentialAction":[{"@type":"CommentAction","name":"Comment","target":["https:\/\/estadocomarte.pt\/site\/2025\/05\/22\/trump-enfrenta-complexidades-politicas-no-medio-oriente-e-na-russia\/#respond"]}]},{"@type":"WebPage","@id":"https:\/\/estadocomarte.pt\/site\/2025\/05\/22\/trump-enfrenta-complexidades-politicas-no-medio-oriente-e-na-russia\/","url":"https:\/\/estadocomarte.pt\/site\/2025\/05\/22\/trump-enfrenta-complexidades-politicas-no-medio-oriente-e-na-russia\/","name":"Trump enfrenta complexidades pol\u00edticas no M\u00e9dio Oriente e na R\u00fassia - Estado com Arte","isPartOf":{"@id":"https:\/\/estadocomarte.pt\/site\/#website"},"primaryImageOfPage":{"@id":"https:\/\/estadocomarte.pt\/site\/2025\/05\/22\/trump-enfrenta-complexidades-politicas-no-medio-oriente-e-na-russia\/#primaryimage"},"image":{"@id":"https:\/\/estadocomarte.pt\/site\/2025\/05\/22\/trump-enfrenta-complexidades-politicas-no-medio-oriente-e-na-russia\/#primaryimage"},"thumbnailUrl":"https:\/\/estadocomarte.pt\/site\/wp-content\/uploads\/2025\/05\/trump.jpg","datePublished":"2025-05-22T10:45:18+00:00","dateModified":"2025-05-30T09:14:05+00:00","breadcrumb":{"@id":"https:\/\/estadocomarte.pt\/site\/2025\/05\/22\/trump-enfrenta-complexidades-politicas-no-medio-oriente-e-na-russia\/#breadcrumb"},"inLanguage":"pt-PT","potentialAction":[{"@type":"ReadAction","target":["https:\/\/estadocomarte.pt\/site\/2025\/05\/22\/trump-enfrenta-complexidades-politicas-no-medio-oriente-e-na-russia\/"]}]},{"@type":"ImageObject","inLanguage":"pt-PT","@id":"https:\/\/estadocomarte.pt\/site\/2025\/05\/22\/trump-enfrenta-complexidades-politicas-no-medio-oriente-e-na-russia\/#primaryimage","url":"https:\/\/estadocomarte.pt\/site\/wp-content\/uploads\/2025\/05\/trump.jpg","contentUrl":"https:\/\/estadocomarte.pt\/site\/wp-content\/uploads\/2025\/05\/trump.jpg","width":670,"height":446},{"@type":"BreadcrumbList","@id":"https:\/\/estadocomarte.pt\/site\/2025\/05\/22\/trump-enfrenta-complexidades-politicas-no-medio-oriente-e-na-russia\/#breadcrumb","itemListElement":[{"@type":"ListItem","position":1,"name":"In\u00edcio","item":"https:\/\/estadocomarte.pt\/site\/"},{"@type":"ListItem","position":2,"name":"Trump enfrenta complexidades pol\u00edticas no M\u00e9dio Oriente e na R\u00fassia"}]},{"@type":"WebSite","@id":"https:\/\/estadocomarte.pt\/site\/#website","url":"https:\/\/estadocomarte.pt\/site\/","name":"Estado com Arte Magazine","description":"Magazine","publisher":{"@id":"https:\/\/estadocomarte.pt\/site\/#organization"},"alternateName":"Magazine semanal sobre pol\u00edtica e cultura, com autores, opini\u00e3o e cr\u00edticas.","potentialAction":[{"@type":"SearchAction","target":{"@type":"EntryPoint","urlTemplate":"https:\/\/estadocomarte.pt\/site\/?s={search_term_string}"},"query-input":{"@type":"PropertyValueSpecification","valueRequired":true,"valueName":"search_term_string"}}],"inLanguage":"pt-PT"},{"@type":"Organization","@id":"https:\/\/estadocomarte.pt\/site\/#organization","name":"Estado com Arte Magazine","alternateName":"Magazine semanal sobre pol\u00edtica e cultura, com autores, opini\u00e3o e cr\u00edticas.","url":"https:\/\/estadocomarte.pt\/site\/","logo":{"@type":"ImageObject","inLanguage":"pt-PT","@id":"https:\/\/estadocomarte.pt\/site\/#\/schema\/logo\/image\/","url":"https:\/\/estadocomarte.pt\/site\/wp-content\/uploads\/2023\/06\/cropped-cropped-Prancheta-2@2x-100.jpg","contentUrl":"https:\/\/estadocomarte.pt\/site\/wp-content\/uploads\/2023\/06\/cropped-cropped-Prancheta-2@2x-100.jpg","width":1777,"height":592,"caption":"Estado com Arte Magazine"},"image":{"@id":"https:\/\/estadocomarte.pt\/site\/#\/schema\/logo\/image\/"},"sameAs":["https:\/\/www.instagram.com\/estadocomartemagazine"]},{"@type":"Person","@id":"https:\/\/estadocomarte.pt\/site\/#\/schema\/person\/c0943a071216c1e5b21f85304151e4ba","name":"admin","image":{"@type":"ImageObject","inLanguage":"pt-PT","@id":"https:\/\/estadocomarte.pt\/site\/#\/schema\/person\/image\/","url":"https:\/\/secure.gravatar.com\/avatar\/e6f378fd6914c8505d3e1d40f51fa953b21bab0f3a5658a33bc84cb5bda780f9?s=96&d=mm&r=g","contentUrl":"https:\/\/secure.gravatar.com\/avatar\/e6f378fd6914c8505d3e1d40f51fa953b21bab0f3a5658a33bc84cb5bda780f9?s=96&d=mm&r=g","caption":"admin"},"sameAs":["https:\/\/estadocomarte.pt\/site"],"url":"https:\/\/estadocomarte.pt\/site\/author\/admin\/"}]}},"_links":{"self":[{"href":"https:\/\/estadocomarte.pt\/site\/wp-json\/wp\/v2\/posts\/9733","targetHints":{"allow":["GET"]}}],"collection":[{"href":"https:\/\/estadocomarte.pt\/site\/wp-json\/wp\/v2\/posts"}],"about":[{"href":"https:\/\/estadocomarte.pt\/site\/wp-json\/wp\/v2\/types\/post"}],"author":[{"embeddable":true,"href":"https:\/\/estadocomarte.pt\/site\/wp-json\/wp\/v2\/users\/1"}],"replies":[{"embeddable":true,"href":"https:\/\/estadocomarte.pt\/site\/wp-json\/wp\/v2\/comments?post=9733"}],"version-history":[{"count":2,"href":"https:\/\/estadocomarte.pt\/site\/wp-json\/wp\/v2\/posts\/9733\/revisions"}],"predecessor-version":[{"id":9737,"href":"https:\/\/estadocomarte.pt\/site\/wp-json\/wp\/v2\/posts\/9733\/revisions\/9737"}],"wp:featuredmedia":[{"embeddable":true,"href":"https:\/\/estadocomarte.pt\/site\/wp-json\/wp\/v2\/media\/9734"}],"wp:attachment":[{"href":"https:\/\/estadocomarte.pt\/site\/wp-json\/wp\/v2\/media?parent=9733"}],"wp:term":[{"taxonomy":"category","embeddable":true,"href":"https:\/\/estadocomarte.pt\/site\/wp-json\/wp\/v2\/categories?post=9733"},{"taxonomy":"post_tag","embeddable":true,"href":"https:\/\/estadocomarte.pt\/site\/wp-json\/wp\/v2\/tags?post=9733"}],"curies":[{"name":"wp","href":"https:\/\/api.w.org\/{rel}","templated":true}]}}