{"id":9874,"date":"2025-06-04T16:51:38","date_gmt":"2025-06-04T16:51:38","guid":{"rendered":"https:\/\/estadocomarte.pt\/site\/?p=9874"},"modified":"2025-09-05T18:11:29","modified_gmt":"2025-09-05T18:11:29","slug":"a-arte-da-politica-a-resiliencia-da-xvii-legislatura-e-as-novas-bagatelas-politicas","status":"publish","type":"post","link":"https:\/\/estadocomarte.pt\/site\/2025\/06\/04\/a-arte-da-politica-a-resiliencia-da-xvii-legislatura-e-as-novas-bagatelas-politicas\/","title":{"rendered":"A ARTE DA POL\u00cdTICA. A resili\u00eancia da XVII legislatura e as novas \u201cbagatelas pol\u00edticas\u201d"},"content":{"rendered":"<p><strong>Destas elei\u00e7\u00f5es resulta um parlamento mais fragmentado &#8211; existem 10 partidos representados: PSD; CHEGA; PS; IL; LIVRE; CDU; CDS; BE, JPP, PAN (11 para ser mais rigorosa tendo em conta que a CDU tamb\u00e9m \u00e9 uma coliga\u00e7\u00e3o entre o PCP e PEV) &#8211; com um novo eixo ideol\u00f3gico central. O PSD ocupa agora mais lugares no centro do hemiciclo. Esta condi\u00e7\u00e3o vai impor uma maior equidist\u00e2ncia negocial do PSD que ter\u00e1 margem para acordos de incid\u00eancia parlamentar \u00e0 esquerda e \u00e0 direita. <\/strong><\/p>\n<p>A nova legislatura herda o peso da \u00faltima que foi prematuramente interrompida por d\u00favidas sobre o comportamento \u00e9tico do primeiro-ministro Lu\u00eds Montenegro. As d\u00favidas permanecem, mas os resultados das elei\u00e7\u00f5es de 18 maio confirmam a confian\u00e7a dos portugueses na AD e no governo de Lu\u00eds Montenegro com a subida de 79 para 91 mandatos.<\/p>\n<p>Para os portugueses, o caso Spinumviva tratar-se-\u00e1 de uma &#8220;bagatela pol\u00edtica&#8221; que n\u00e3o afeta o caminho tra\u00e7ado para a governabilidade do pa\u00eds nem para a efetiva\u00e7\u00e3o das principais pol\u00edticas p\u00fablicas em processo de implementa\u00e7\u00e3o. Esta desvaloriza\u00e7\u00e3o faz lembrar o consagrado princ\u00edpio da insignific\u00e2ncia no direito e, nomeadamente, a <strong>teoria da bagatela na \u00e1rea do direito penal que se traduz pela estrat\u00e9gia de limita\u00e7\u00e3o penal em condutas que embora sejam tipificadas como crimes n\u00e3o causam uma ofensa relevante ao bem jur\u00eddico tutelado.<\/strong> Ou seja: procura-se evitar a puni\u00e7\u00e3o por condutas consideradas irrelevantes ou de baixa gravidade cumprindo-se com a m\u00e1xima processual milenar &#8220;minimis non curat praetor&#8221;.<\/p>\n<p><strong>Sobre o caso Spinumviva n\u00e3o se tem conhecimento de qualquer il\u00edcito grave ou criminal apesar de permanecerem d\u00favidas em mat\u00e9ria de incompatibilidades no exerc\u00edcio das fun\u00e7\u00f5es pol\u00edticas do primeiro-ministro. No entanto, o caso, pela dimens\u00e3o que tem e pelas d\u00favidas \u00e9ticas que suscita, abre precedentes e com toda a certeza alargar\u00e1 o entendimento da bagatela pol\u00edtica.<\/strong><\/p>\n<p>Ontem, dia 3 de junho, demos in\u00edcio \u00e0 XVII Legislatura. Tr\u00eas dias depois do apuramento final do resultado das elei\u00e7\u00f5es legislativas de 18 de maio, e cumprindo com o artigo 173\u00ba, n\u00ba1 da Constitui\u00e7\u00e3o da Rep\u00fablica Portuguesa, os 230 deputados eleitos reuniram \u201cpor direito pr\u00f3prio\u201d e iniciaram os procedimentos fundamentais para os trabalhos parlamentares, desde logo a elei\u00e7\u00e3o da segunda figura do Estado Portugu\u00eas &#8211; o Presidente da Assembleia da Rep\u00fablica &#8211; que tem, entre as suas nobres fun\u00e7\u00f5es, a responsabilidade de assegurar o funcionamento dos trabalhos da Assembleia cumprindo, e fazendo cumprir, o seu Regimento. Sem surpresa, Jos\u00e9 Pedro Aguiar Branco foi reeleito \u00e0 primeira volta com 202 votos a favor.<\/p>\n<p>A nova configura\u00e7\u00e3o parlamentar traz novidades ao sistema pol\u00edtico, nomeadamente a confirma\u00e7\u00e3o do fim do bipartidarismo que dominou a 3\u00aa Rep\u00fablica. J\u00e1 se tinha verificado uma situa\u00e7\u00e3o semelhante na composi\u00e7\u00e3o do parlamento que derivou das elei\u00e7\u00f5es legislativas de 1985 com os resultados obtidos pelo PRD, mas, ainda assim, os dois partidos mais votados foram sempre o PSD e o PS. As \u00faltimas legislativas quebram o padr\u00e3o do sistema partid\u00e1rio e a habitual partilha do primeiro e segundo lugar entre o PSD e o PS.<\/p>\n<p>Com \u00faltimos resultados eleitorais, o partido CHEGA torna-se o segundo partido com mais mandatos no parlamento \u2013 60 mandatos, a seguir aos 91 do PSD e \u00e0 frente do PS que obteve 58 mandatos. Esta for\u00e7a partid\u00e1ria designada, por muitos, como de extrema direita ainda \u00e9 uma massa desconhecida em termos ideol\u00f3gicos e doutrinais, muito focada no carisma do seu \u201cchefe\u201d e com a captura de votos dos eleitores descontentes em todos os quadrantes pol\u00edticos. No entanto, e legitimado por sufr\u00e1gio, Andr\u00e9 Ventura conquista o lugar de l\u00edder da oposi\u00e7\u00e3o assumindo a import\u00e2ncia protocolar e pol\u00edtica inerente. Ter\u00e1 responsabilidades na elei\u00e7\u00e3o de cargos fundamentais na estrutura do Estado e, tamb\u00e9m, mais protagonismo na agenda pol\u00edtica, condi\u00e7\u00e3o que j\u00e1 capitalizou ao anunciar a inten\u00e7\u00e3o de formar um governo sombra e de propor uma revis\u00e3o constitucional mais disruptiva.<\/p>\n<p>Destas elei\u00e7\u00f5es resulta um parlamento mais fragmentado &#8211; existem 10 partidos representados: PSD; CHEGA; PS; IL; LIVRE; CDU; CDS; BE, JPP, PAN (11 para ser mais rigorosa tendo em conta que a CDU tamb\u00e9m \u00e9 uma coliga\u00e7\u00e3o entre o PCP e PEV) &#8211; com um novo eixo ideol\u00f3gico central. O PSD ocupa agora mais lugares no centro do hemiciclo. Esta condi\u00e7\u00e3o vai impor uma maior equidist\u00e2ncia negocial do PSD que ter\u00e1 margem para acordos de incid\u00eancia parlamentar \u00e0 esquerda e \u00e0 direita. \u00c0 direita, a IL apesar de ter subido o n\u00famero de mandatos n\u00e3o atingiu o seu grande objetivo de se tornar um partido imprescind\u00edvel para a governabilidade. Por um lado, por erro pr\u00f3prio anunciando prematuramente o \u201cnoivado\u201d com a AD, durante o per\u00edodo eleitoral, o que ter\u00e1 afastado algumas inten\u00e7\u00f5es de voto na IL. Por outro lado, o seu peso negocial foi esvaziado pelos desastrosos resultados do PS que se tornar\u00e1 agora muleta do Governo como forma de sobreviv\u00eancia. \u00c0 esquerda do PS, o \u00fanico partido com vocalidade ser\u00e1 o LIVRE estando a designada extrema esquerda no limiar do desaparecimento da representa\u00e7\u00e3o parlamentar.<\/p>\n<p>A resili\u00eancia da nova legislatura passar\u00e1 pela capacidade do XXV Governo Constitucional negociar com a esquerda e com a direita e tamb\u00e9m depender\u00e1 dos \u201ccasos e casinhos\u201d dos pol\u00edticos eleitos. E o que nos resta? Esperar. Esperar e desejar que se priorize o interesse nacional nas negocia\u00e7\u00f5es e que qualquer \u201cesc\u00e2ndalo\u201d ou \u201cnovidade\u201d caiba no novo, mas j\u00e1 bastante dilatado, conceito de \u201cbagatela pol\u00edtica\u201d.<\/p>\n<p>A Arte da Pol\u00edtica \u00e9 uma coluna de opini\u00e3o da responsabilidade da polit\u00f3loga S\u00cdlvia Mangerona.<\/p>\n","protected":false},"excerpt":{"rendered":"<p>S\u00edlvia Mangerona,<br \/>\nPolit\u00f3loga, Professora de Ci\u00eancia Pol\u00edtica<\/p>\n","protected":false},"author":1,"featured_media":3252,"comment_status":"open","ping_status":"open","sticky":false,"template":"","format":"standard","meta":{"site-sidebar-layout":"default","site-content-layout":"default","ast-global-header-display":"","ast-banner-title-visibility":"","ast-main-header-display":"","ast-hfb-above-header-display":"","ast-hfb-below-header-display":"","ast-hfb-mobile-header-display":"","site-post-title":"","ast-breadcrumbs-content":"","ast-featured-img":"","footer-sml-layout":"","theme-transparent-header-meta":"default","adv-header-id-meta":"","stick-header-meta":"","header-above-stick-meta":"","header-main-stick-meta":"","header-below-stick-meta":"","footnotes":""},"categories":[1044,64],"tags":[923,948,481],"class_list":["post-9874","post","type-post","status-publish","format-standard","has-post-thumbnail","hentry","category-a-arte-da-politica","category-isto-para-nos","tag-arte-da-politica","tag-nova-legislatura","tag-silvia-mangerona"],"yoast_head":"<!-- This site is optimized with the Yoast SEO plugin v25.1 - https:\/\/yoast.com\/wordpress\/plugins\/seo\/ -->\n<title>A ARTE DA POL\u00cdTICA. A resili\u00eancia da XVII legislatura e as novas \u201cbagatelas pol\u00edticas\u201d - Estado com Arte<\/title>\n<meta name=\"robots\" content=\"index, follow, max-snippet:-1, max-image-preview:large, max-video-preview:-1\" \/>\n<link rel=\"canonical\" href=\"https:\/\/estadocomarte.pt\/site\/2025\/06\/04\/a-arte-da-politica-a-resiliencia-da-xvii-legislatura-e-as-novas-bagatelas-politicas\/\" \/>\n<meta property=\"og:locale\" content=\"pt_PT\" \/>\n<meta property=\"og:type\" content=\"article\" \/>\n<meta property=\"og:title\" content=\"A ARTE DA POL\u00cdTICA. A resili\u00eancia da XVII legislatura e as novas \u201cbagatelas pol\u00edticas\u201d - Estado com Arte\" \/>\n<meta property=\"og:description\" content=\"S\u00edlvia Mangerona,  Polit\u00f3loga, Professora de Ci\u00eancia Pol\u00edtica\" \/>\n<meta property=\"og:url\" content=\"https:\/\/estadocomarte.pt\/site\/2025\/06\/04\/a-arte-da-politica-a-resiliencia-da-xvii-legislatura-e-as-novas-bagatelas-politicas\/\" \/>\n<meta property=\"og:site_name\" content=\"Estado com Arte\" \/>\n<meta property=\"article:published_time\" content=\"2025-06-04T16:51:38+00:00\" \/>\n<meta property=\"article:modified_time\" content=\"2025-09-05T18:11:29+00:00\" \/>\n<meta property=\"og:image\" content=\"https:\/\/estadocomarte.pt\/site\/wp-content\/uploads\/2023\/11\/silvia-mangerona.jpg\" \/>\n\t<meta property=\"og:image:width\" content=\"688\" \/>\n\t<meta property=\"og:image:height\" content=\"688\" \/>\n\t<meta property=\"og:image:type\" content=\"image\/jpeg\" \/>\n<meta name=\"author\" content=\"admin\" \/>\n<meta name=\"twitter:card\" content=\"summary_large_image\" \/>\n<meta name=\"twitter:label1\" content=\"Escrito por\" \/>\n\t<meta name=\"twitter:data1\" content=\"admin\" \/>\n\t<meta name=\"twitter:label2\" content=\"Tempo estimado de leitura\" \/>\n\t<meta name=\"twitter:data2\" content=\"6 minutos\" \/>\n<script type=\"application\/ld+json\" class=\"yoast-schema-graph\">{\"@context\":\"https:\/\/schema.org\",\"@graph\":[{\"@type\":\"Article\",\"@id\":\"https:\/\/estadocomarte.pt\/site\/2025\/06\/04\/a-arte-da-politica-a-resiliencia-da-xvii-legislatura-e-as-novas-bagatelas-politicas\/#article\",\"isPartOf\":{\"@id\":\"https:\/\/estadocomarte.pt\/site\/2025\/06\/04\/a-arte-da-politica-a-resiliencia-da-xvii-legislatura-e-as-novas-bagatelas-politicas\/\"},\"author\":{\"name\":\"admin\",\"@id\":\"https:\/\/estadocomarte.pt\/site\/#\/schema\/person\/c0943a071216c1e5b21f85304151e4ba\"},\"headline\":\"A ARTE DA POL\u00cdTICA. A resili\u00eancia da XVII legislatura e as novas \u201cbagatelas pol\u00edticas\u201d\",\"datePublished\":\"2025-06-04T16:51:38+00:00\",\"dateModified\":\"2025-09-05T18:11:29+00:00\",\"mainEntityOfPage\":{\"@id\":\"https:\/\/estadocomarte.pt\/site\/2025\/06\/04\/a-arte-da-politica-a-resiliencia-da-xvii-legislatura-e-as-novas-bagatelas-politicas\/\"},\"wordCount\":978,\"commentCount\":0,\"publisher\":{\"@id\":\"https:\/\/estadocomarte.pt\/site\/#organization\"},\"image\":{\"@id\":\"https:\/\/estadocomarte.pt\/site\/2025\/06\/04\/a-arte-da-politica-a-resiliencia-da-xvii-legislatura-e-as-novas-bagatelas-politicas\/#primaryimage\"},\"thumbnailUrl\":\"https:\/\/estadocomarte.pt\/site\/wp-content\/uploads\/2023\/11\/silvia-mangerona.jpg\",\"keywords\":[\"Arte da Politica\",\"nova legislatura\",\"S\u00edlvia Mangerona\"],\"articleSection\":[\"A Arte da Pol\u00edtica\",\"Isto Para N\u00f3s\"],\"inLanguage\":\"pt-PT\",\"potentialAction\":[{\"@type\":\"CommentAction\",\"name\":\"Comment\",\"target\":[\"https:\/\/estadocomarte.pt\/site\/2025\/06\/04\/a-arte-da-politica-a-resiliencia-da-xvii-legislatura-e-as-novas-bagatelas-politicas\/#respond\"]}]},{\"@type\":\"WebPage\",\"@id\":\"https:\/\/estadocomarte.pt\/site\/2025\/06\/04\/a-arte-da-politica-a-resiliencia-da-xvii-legislatura-e-as-novas-bagatelas-politicas\/\",\"url\":\"https:\/\/estadocomarte.pt\/site\/2025\/06\/04\/a-arte-da-politica-a-resiliencia-da-xvii-legislatura-e-as-novas-bagatelas-politicas\/\",\"name\":\"A ARTE DA POL\u00cdTICA. A resili\u00eancia da XVII legislatura e as novas \u201cbagatelas pol\u00edticas\u201d - Estado com Arte\",\"isPartOf\":{\"@id\":\"https:\/\/estadocomarte.pt\/site\/#website\"},\"primaryImageOfPage\":{\"@id\":\"https:\/\/estadocomarte.pt\/site\/2025\/06\/04\/a-arte-da-politica-a-resiliencia-da-xvii-legislatura-e-as-novas-bagatelas-politicas\/#primaryimage\"},\"image\":{\"@id\":\"https:\/\/estadocomarte.pt\/site\/2025\/06\/04\/a-arte-da-politica-a-resiliencia-da-xvii-legislatura-e-as-novas-bagatelas-politicas\/#primaryimage\"},\"thumbnailUrl\":\"https:\/\/estadocomarte.pt\/site\/wp-content\/uploads\/2023\/11\/silvia-mangerona.jpg\",\"datePublished\":\"2025-06-04T16:51:38+00:00\",\"dateModified\":\"2025-09-05T18:11:29+00:00\",\"breadcrumb\":{\"@id\":\"https:\/\/estadocomarte.pt\/site\/2025\/06\/04\/a-arte-da-politica-a-resiliencia-da-xvii-legislatura-e-as-novas-bagatelas-politicas\/#breadcrumb\"},\"inLanguage\":\"pt-PT\",\"potentialAction\":[{\"@type\":\"ReadAction\",\"target\":[\"https:\/\/estadocomarte.pt\/site\/2025\/06\/04\/a-arte-da-politica-a-resiliencia-da-xvii-legislatura-e-as-novas-bagatelas-politicas\/\"]}]},{\"@type\":\"ImageObject\",\"inLanguage\":\"pt-PT\",\"@id\":\"https:\/\/estadocomarte.pt\/site\/2025\/06\/04\/a-arte-da-politica-a-resiliencia-da-xvii-legislatura-e-as-novas-bagatelas-politicas\/#primaryimage\",\"url\":\"https:\/\/estadocomarte.pt\/site\/wp-content\/uploads\/2023\/11\/silvia-mangerona.jpg\",\"contentUrl\":\"https:\/\/estadocomarte.pt\/site\/wp-content\/uploads\/2023\/11\/silvia-mangerona.jpg\",\"width\":688,\"height\":688},{\"@type\":\"BreadcrumbList\",\"@id\":\"https:\/\/estadocomarte.pt\/site\/2025\/06\/04\/a-arte-da-politica-a-resiliencia-da-xvii-legislatura-e-as-novas-bagatelas-politicas\/#breadcrumb\",\"itemListElement\":[{\"@type\":\"ListItem\",\"position\":1,\"name\":\"In\u00edcio\",\"item\":\"https:\/\/estadocomarte.pt\/site\/\"},{\"@type\":\"ListItem\",\"position\":2,\"name\":\"A ARTE DA POL\u00cdTICA. A resili\u00eancia da XVII legislatura e as novas \u201cbagatelas pol\u00edticas\u201d\"}]},{\"@type\":\"WebSite\",\"@id\":\"https:\/\/estadocomarte.pt\/site\/#website\",\"url\":\"https:\/\/estadocomarte.pt\/site\/\",\"name\":\"Estado com Arte Magazine\",\"description\":\"Magazine\",\"publisher\":{\"@id\":\"https:\/\/estadocomarte.pt\/site\/#organization\"},\"alternateName\":\"Magazine semanal sobre pol\u00edtica e cultura, com autores, opini\u00e3o e cr\u00edticas.\",\"potentialAction\":[{\"@type\":\"SearchAction\",\"target\":{\"@type\":\"EntryPoint\",\"urlTemplate\":\"https:\/\/estadocomarte.pt\/site\/?s={search_term_string}\"},\"query-input\":{\"@type\":\"PropertyValueSpecification\",\"valueRequired\":true,\"valueName\":\"search_term_string\"}}],\"inLanguage\":\"pt-PT\"},{\"@type\":\"Organization\",\"@id\":\"https:\/\/estadocomarte.pt\/site\/#organization\",\"name\":\"Estado com Arte Magazine\",\"alternateName\":\"Magazine semanal sobre pol\u00edtica e cultura, com autores, opini\u00e3o e cr\u00edticas.\",\"url\":\"https:\/\/estadocomarte.pt\/site\/\",\"logo\":{\"@type\":\"ImageObject\",\"inLanguage\":\"pt-PT\",\"@id\":\"https:\/\/estadocomarte.pt\/site\/#\/schema\/logo\/image\/\",\"url\":\"https:\/\/estadocomarte.pt\/site\/wp-content\/uploads\/2023\/06\/cropped-cropped-Prancheta-2@2x-100.jpg\",\"contentUrl\":\"https:\/\/estadocomarte.pt\/site\/wp-content\/uploads\/2023\/06\/cropped-cropped-Prancheta-2@2x-100.jpg\",\"width\":1777,\"height\":592,\"caption\":\"Estado com Arte Magazine\"},\"image\":{\"@id\":\"https:\/\/estadocomarte.pt\/site\/#\/schema\/logo\/image\/\"},\"sameAs\":[\"https:\/\/www.instagram.com\/estadocomartemagazine\"]},{\"@type\":\"Person\",\"@id\":\"https:\/\/estadocomarte.pt\/site\/#\/schema\/person\/c0943a071216c1e5b21f85304151e4ba\",\"name\":\"admin\",\"image\":{\"@type\":\"ImageObject\",\"inLanguage\":\"pt-PT\",\"@id\":\"https:\/\/estadocomarte.pt\/site\/#\/schema\/person\/image\/\",\"url\":\"https:\/\/secure.gravatar.com\/avatar\/e6f378fd6914c8505d3e1d40f51fa953b21bab0f3a5658a33bc84cb5bda780f9?s=96&d=mm&r=g\",\"contentUrl\":\"https:\/\/secure.gravatar.com\/avatar\/e6f378fd6914c8505d3e1d40f51fa953b21bab0f3a5658a33bc84cb5bda780f9?s=96&d=mm&r=g\",\"caption\":\"admin\"},\"sameAs\":[\"https:\/\/estadocomarte.pt\/site\"],\"url\":\"https:\/\/estadocomarte.pt\/site\/author\/admin\/\"}]}<\/script>\n<!-- \/ Yoast SEO plugin. -->","yoast_head_json":{"title":"A ARTE DA POL\u00cdTICA. A resili\u00eancia da XVII legislatura e as novas \u201cbagatelas pol\u00edticas\u201d - Estado com Arte","robots":{"index":"index","follow":"follow","max-snippet":"max-snippet:-1","max-image-preview":"max-image-preview:large","max-video-preview":"max-video-preview:-1"},"canonical":"https:\/\/estadocomarte.pt\/site\/2025\/06\/04\/a-arte-da-politica-a-resiliencia-da-xvii-legislatura-e-as-novas-bagatelas-politicas\/","og_locale":"pt_PT","og_type":"article","og_title":"A ARTE DA POL\u00cdTICA. A resili\u00eancia da XVII legislatura e as novas \u201cbagatelas pol\u00edticas\u201d - Estado com Arte","og_description":"S\u00edlvia Mangerona,  Polit\u00f3loga, Professora de Ci\u00eancia Pol\u00edtica","og_url":"https:\/\/estadocomarte.pt\/site\/2025\/06\/04\/a-arte-da-politica-a-resiliencia-da-xvii-legislatura-e-as-novas-bagatelas-politicas\/","og_site_name":"Estado com Arte","article_published_time":"2025-06-04T16:51:38+00:00","article_modified_time":"2025-09-05T18:11:29+00:00","og_image":[{"width":688,"height":688,"url":"https:\/\/estadocomarte.pt\/site\/wp-content\/uploads\/2023\/11\/silvia-mangerona.jpg","type":"image\/jpeg"}],"author":"admin","twitter_card":"summary_large_image","twitter_misc":{"Escrito por":"admin","Tempo estimado de leitura":"6 minutos"},"schema":{"@context":"https:\/\/schema.org","@graph":[{"@type":"Article","@id":"https:\/\/estadocomarte.pt\/site\/2025\/06\/04\/a-arte-da-politica-a-resiliencia-da-xvii-legislatura-e-as-novas-bagatelas-politicas\/#article","isPartOf":{"@id":"https:\/\/estadocomarte.pt\/site\/2025\/06\/04\/a-arte-da-politica-a-resiliencia-da-xvii-legislatura-e-as-novas-bagatelas-politicas\/"},"author":{"name":"admin","@id":"https:\/\/estadocomarte.pt\/site\/#\/schema\/person\/c0943a071216c1e5b21f85304151e4ba"},"headline":"A ARTE DA POL\u00cdTICA. A resili\u00eancia da XVII legislatura e as novas \u201cbagatelas pol\u00edticas\u201d","datePublished":"2025-06-04T16:51:38+00:00","dateModified":"2025-09-05T18:11:29+00:00","mainEntityOfPage":{"@id":"https:\/\/estadocomarte.pt\/site\/2025\/06\/04\/a-arte-da-politica-a-resiliencia-da-xvii-legislatura-e-as-novas-bagatelas-politicas\/"},"wordCount":978,"commentCount":0,"publisher":{"@id":"https:\/\/estadocomarte.pt\/site\/#organization"},"image":{"@id":"https:\/\/estadocomarte.pt\/site\/2025\/06\/04\/a-arte-da-politica-a-resiliencia-da-xvii-legislatura-e-as-novas-bagatelas-politicas\/#primaryimage"},"thumbnailUrl":"https:\/\/estadocomarte.pt\/site\/wp-content\/uploads\/2023\/11\/silvia-mangerona.jpg","keywords":["Arte da Politica","nova legislatura","S\u00edlvia Mangerona"],"articleSection":["A Arte da Pol\u00edtica","Isto Para N\u00f3s"],"inLanguage":"pt-PT","potentialAction":[{"@type":"CommentAction","name":"Comment","target":["https:\/\/estadocomarte.pt\/site\/2025\/06\/04\/a-arte-da-politica-a-resiliencia-da-xvii-legislatura-e-as-novas-bagatelas-politicas\/#respond"]}]},{"@type":"WebPage","@id":"https:\/\/estadocomarte.pt\/site\/2025\/06\/04\/a-arte-da-politica-a-resiliencia-da-xvii-legislatura-e-as-novas-bagatelas-politicas\/","url":"https:\/\/estadocomarte.pt\/site\/2025\/06\/04\/a-arte-da-politica-a-resiliencia-da-xvii-legislatura-e-as-novas-bagatelas-politicas\/","name":"A ARTE DA POL\u00cdTICA. A resili\u00eancia da XVII legislatura e as novas \u201cbagatelas pol\u00edticas\u201d - Estado com Arte","isPartOf":{"@id":"https:\/\/estadocomarte.pt\/site\/#website"},"primaryImageOfPage":{"@id":"https:\/\/estadocomarte.pt\/site\/2025\/06\/04\/a-arte-da-politica-a-resiliencia-da-xvii-legislatura-e-as-novas-bagatelas-politicas\/#primaryimage"},"image":{"@id":"https:\/\/estadocomarte.pt\/site\/2025\/06\/04\/a-arte-da-politica-a-resiliencia-da-xvii-legislatura-e-as-novas-bagatelas-politicas\/#primaryimage"},"thumbnailUrl":"https:\/\/estadocomarte.pt\/site\/wp-content\/uploads\/2023\/11\/silvia-mangerona.jpg","datePublished":"2025-06-04T16:51:38+00:00","dateModified":"2025-09-05T18:11:29+00:00","breadcrumb":{"@id":"https:\/\/estadocomarte.pt\/site\/2025\/06\/04\/a-arte-da-politica-a-resiliencia-da-xvii-legislatura-e-as-novas-bagatelas-politicas\/#breadcrumb"},"inLanguage":"pt-PT","potentialAction":[{"@type":"ReadAction","target":["https:\/\/estadocomarte.pt\/site\/2025\/06\/04\/a-arte-da-politica-a-resiliencia-da-xvii-legislatura-e-as-novas-bagatelas-politicas\/"]}]},{"@type":"ImageObject","inLanguage":"pt-PT","@id":"https:\/\/estadocomarte.pt\/site\/2025\/06\/04\/a-arte-da-politica-a-resiliencia-da-xvii-legislatura-e-as-novas-bagatelas-politicas\/#primaryimage","url":"https:\/\/estadocomarte.pt\/site\/wp-content\/uploads\/2023\/11\/silvia-mangerona.jpg","contentUrl":"https:\/\/estadocomarte.pt\/site\/wp-content\/uploads\/2023\/11\/silvia-mangerona.jpg","width":688,"height":688},{"@type":"BreadcrumbList","@id":"https:\/\/estadocomarte.pt\/site\/2025\/06\/04\/a-arte-da-politica-a-resiliencia-da-xvii-legislatura-e-as-novas-bagatelas-politicas\/#breadcrumb","itemListElement":[{"@type":"ListItem","position":1,"name":"In\u00edcio","item":"https:\/\/estadocomarte.pt\/site\/"},{"@type":"ListItem","position":2,"name":"A ARTE DA POL\u00cdTICA. A resili\u00eancia da XVII legislatura e as novas \u201cbagatelas pol\u00edticas\u201d"}]},{"@type":"WebSite","@id":"https:\/\/estadocomarte.pt\/site\/#website","url":"https:\/\/estadocomarte.pt\/site\/","name":"Estado com Arte Magazine","description":"Magazine","publisher":{"@id":"https:\/\/estadocomarte.pt\/site\/#organization"},"alternateName":"Magazine semanal sobre pol\u00edtica e cultura, com autores, opini\u00e3o e cr\u00edticas.","potentialAction":[{"@type":"SearchAction","target":{"@type":"EntryPoint","urlTemplate":"https:\/\/estadocomarte.pt\/site\/?s={search_term_string}"},"query-input":{"@type":"PropertyValueSpecification","valueRequired":true,"valueName":"search_term_string"}}],"inLanguage":"pt-PT"},{"@type":"Organization","@id":"https:\/\/estadocomarte.pt\/site\/#organization","name":"Estado com Arte Magazine","alternateName":"Magazine semanal sobre pol\u00edtica e cultura, com autores, opini\u00e3o e cr\u00edticas.","url":"https:\/\/estadocomarte.pt\/site\/","logo":{"@type":"ImageObject","inLanguage":"pt-PT","@id":"https:\/\/estadocomarte.pt\/site\/#\/schema\/logo\/image\/","url":"https:\/\/estadocomarte.pt\/site\/wp-content\/uploads\/2023\/06\/cropped-cropped-Prancheta-2@2x-100.jpg","contentUrl":"https:\/\/estadocomarte.pt\/site\/wp-content\/uploads\/2023\/06\/cropped-cropped-Prancheta-2@2x-100.jpg","width":1777,"height":592,"caption":"Estado com Arte Magazine"},"image":{"@id":"https:\/\/estadocomarte.pt\/site\/#\/schema\/logo\/image\/"},"sameAs":["https:\/\/www.instagram.com\/estadocomartemagazine"]},{"@type":"Person","@id":"https:\/\/estadocomarte.pt\/site\/#\/schema\/person\/c0943a071216c1e5b21f85304151e4ba","name":"admin","image":{"@type":"ImageObject","inLanguage":"pt-PT","@id":"https:\/\/estadocomarte.pt\/site\/#\/schema\/person\/image\/","url":"https:\/\/secure.gravatar.com\/avatar\/e6f378fd6914c8505d3e1d40f51fa953b21bab0f3a5658a33bc84cb5bda780f9?s=96&d=mm&r=g","contentUrl":"https:\/\/secure.gravatar.com\/avatar\/e6f378fd6914c8505d3e1d40f51fa953b21bab0f3a5658a33bc84cb5bda780f9?s=96&d=mm&r=g","caption":"admin"},"sameAs":["https:\/\/estadocomarte.pt\/site"],"url":"https:\/\/estadocomarte.pt\/site\/author\/admin\/"}]}},"_links":{"self":[{"href":"https:\/\/estadocomarte.pt\/site\/wp-json\/wp\/v2\/posts\/9874","targetHints":{"allow":["GET"]}}],"collection":[{"href":"https:\/\/estadocomarte.pt\/site\/wp-json\/wp\/v2\/posts"}],"about":[{"href":"https:\/\/estadocomarte.pt\/site\/wp-json\/wp\/v2\/types\/post"}],"author":[{"embeddable":true,"href":"https:\/\/estadocomarte.pt\/site\/wp-json\/wp\/v2\/users\/1"}],"replies":[{"embeddable":true,"href":"https:\/\/estadocomarte.pt\/site\/wp-json\/wp\/v2\/comments?post=9874"}],"version-history":[{"count":8,"href":"https:\/\/estadocomarte.pt\/site\/wp-json\/wp\/v2\/posts\/9874\/revisions"}],"predecessor-version":[{"id":9890,"href":"https:\/\/estadocomarte.pt\/site\/wp-json\/wp\/v2\/posts\/9874\/revisions\/9890"}],"wp:featuredmedia":[{"embeddable":true,"href":"https:\/\/estadocomarte.pt\/site\/wp-json\/wp\/v2\/media\/3252"}],"wp:attachment":[{"href":"https:\/\/estadocomarte.pt\/site\/wp-json\/wp\/v2\/media?parent=9874"}],"wp:term":[{"taxonomy":"category","embeddable":true,"href":"https:\/\/estadocomarte.pt\/site\/wp-json\/wp\/v2\/categories?post=9874"},{"taxonomy":"post_tag","embeddable":true,"href":"https:\/\/estadocomarte.pt\/site\/wp-json\/wp\/v2\/tags?post=9874"}],"curies":[{"name":"wp","href":"https:\/\/api.w.org\/{rel}","templated":true}]}}